{"id":30105,"date":"2008-01-21T19:41:22","date_gmt":"2008-01-21T19:41:22","guid":{"rendered":"http:\/\/archiv.szolnoktv.hu\/?p=30105"},"modified":"2021-11-17T11:05:26","modified_gmt":"2021-11-17T11:05:26","slug":"szakmakod","status":"publish","type":"post","link":"http:\/\/archiv.szolnoktv.hu\/?p=30105","title":{"rendered":"Szakmak\u00f3d"},"content":{"rendered":"<div class='booster-block booster-read-block'><\/div><p>T\u00f6bb sz\u00e1zezer c\u00e9gnek \u00e9s egy\u00e9ni v\u00e1llalkoz\u00f3nak kell \u00faj szakmai k\u00f3dsz\u00e1mot ig\u00e9nyelnie. B\u00e1r j\u00falius elseje a TE\u00c1OR-sz\u00e1mok cser\u00e9j\u00e9nek hat\u00e1rideje, a c\u00e9gb\u00edr\u00f3s\u00e1gok m\u00e1r most felk\u00e9sz\u00fcltek a rohamra.<br \/>\nA r\u00e9gi, 2003-as tev\u00e9kenys\u00e9gek TE\u00c1OR 03-as rendszer\u00e9t, janu\u00e1r elsej\u00e9n a 08-as v\u00e1ltotta fel. Bizonyos tev\u00e9kenys\u00e9geket \u00faj nemzetgazdas\u00e1gi \u00e1gazatokba soroltak, \u00edgy a hazai v\u00e1llalkoz\u00e1sok c\u00e9gb\u00edr\u00f3s\u00e1gi pap\u00edrokon szerepl\u0151 sz\u00e1m\u00e1nak t\u00f6bbs\u00e9g\u00e9t a hivatalos szervezetek nem tudj\u00e1k automatikusan leford\u00edtani az \u00faj TE\u00c1OR-k\u00f3dokra. \u00cdgy azonban egy rendelet szerint mindenkinek mag\u00e1nak kell a sz\u00e1mv\u00e1ltoz\u00e1st bejelentenie.<br \/>A TE\u00c1OR sz\u00e1mmal a KSH statisztikai sz\u00e1mjegye is megv\u00e1ltozik, \u00edgy annak  m\u00f3dj\u00e1t a K\u00f6zponti Statisztikai Hivatal munkat\u00e1rsai d\u00f6ntik el, ugyanis azokn\u00e1l a c\u00e9gekn\u00e9l, ahol egy\u00e9rtelm\u0171 a besorol\u00e1s, automatikusan megv\u00e1ltoztatj\u00e1k a k\u00f3dot. Ez azonban csak nagyon kev\u00e9s c\u00e9get \u00e9rint, a t\u00f6bbs\u00e9gnek bejelent\u00e9si k\u00e9relmet kell beadnia, j\u00falius elsej\u00e9ig. A megyei c\u00e9gb\u00edr\u00f3s\u00e1g m\u00e1r t\u00e1j\u00e9koztatta a c\u00e9gek jogi k\u00e9pvisel\u0151it a v\u00e1rhat\u00f3 v\u00e1ltoz\u00e1sokr\u00f3l, a nagy roham azonban m\u00e9g v\u00e1rat mag\u00e1ra.<\/p>\n","protected":false},"excerpt":{"rendered":"<p>T\u00f6bb sz\u00e1zezer c\u00e9gnek \u00e9s egy\u00e9ni v\u00e1llalkoz\u00f3nak kell \u00faj szakmai k\u00f3dsz\u00e1mot ig\u00e9nyelnie. B\u00e1r j\u00falius elseje a TE\u00c1OR-sz\u00e1mok cser\u00e9j\u00e9nek hat\u00e1rideje, a c\u00e9gb\u00edr\u00f3s\u00e1gok m\u00e1r most felk\u00e9sz\u00fcltek a rohamra. A r\u00e9gi, 2003-as tev\u00e9kenys\u00e9gek TE\u00c1OR 03-as rendszer\u00e9t, janu\u00e1r elsej\u00e9n a 08-as v\u00e1ltotta fel. Bizonyos tev\u00e9kenys\u00e9geket \u00faj nemzetgazdas\u00e1gi \u00e1gazatokba soroltak, \u00edgy a hazai v\u00e1llalkoz\u00e1sok c\u00e9gb\u00edr\u00f3s\u00e1gi pap\u00edrokon szerepl\u0151 sz\u00e1m\u00e1nak t\u00f6bbs\u00e9g\u00e9t a hivatalos [&hellip;]<\/p>\n","protected":false},"author":2,"featured_media":0,"comment_status":"open","ping_status":"open","sticky":false,"template":"","format":"standard","meta":[],"categories":[24],"tags":[],"_links":{"self":[{"href":"http:\/\/archiv.szolnoktv.hu\/index.php?rest_route=\/wp\/v2\/posts\/30105"}],"collection":[{"href":"http:\/\/archiv.szolnoktv.hu\/index.php?rest_route=\/wp\/v2\/posts"}],"about":[{"href":"http:\/\/archiv.szolnoktv.hu\/index.php?rest_route=\/wp\/v2\/types\/post"}],"author":[{"embeddable":true,"href":"http:\/\/archiv.szolnoktv.hu\/index.php?rest_route=\/wp\/v2\/users\/2"}],"replies":[{"embeddable":true,"href":"http:\/\/archiv.szolnoktv.hu\/index.php?rest_route=%2Fwp%2Fv2%2Fcomments&post=30105"}],"version-history":[{"count":1,"href":"http:\/\/archiv.szolnoktv.hu\/index.php?rest_route=\/wp\/v2\/posts\/30105\/revisions"}],"predecessor-version":[{"id":30261,"href":"http:\/\/archiv.szolnoktv.hu\/index.php?rest_route=\/wp\/v2\/posts\/30105\/revisions\/30261"}],"wp:attachment":[{"href":"http:\/\/archiv.szolnoktv.hu\/index.php?rest_route=%2Fwp%2Fv2%2Fmedia&parent=30105"}],"wp:term":[{"taxonomy":"category","embeddable":true,"href":"http:\/\/archiv.szolnoktv.hu\/index.php?rest_route=%2Fwp%2Fv2%2Fcategories&post=30105"},{"taxonomy":"post_tag","embeddable":true,"href":"http:\/\/archiv.szolnoktv.hu\/index.php?rest_route=%2Fwp%2Fv2%2Ftags&post=30105"}],"curies":[{"name":"wp","href":"https:\/\/api.w.org\/{rel}","templated":true}]}}