{"id":30104,"date":"2008-01-21T19:39:40","date_gmt":"2008-01-21T19:39:40","guid":{"rendered":"http:\/\/archiv.szolnoktv.hu\/?p=30104"},"modified":"2021-11-17T11:05:26","modified_gmt":"2021-11-17T11:05:26","slug":"kampanykorut","status":"publish","type":"post","link":"http:\/\/archiv.szolnoktv.hu\/?p=30104","title":{"rendered":"Kamp\u00e1nyk\u00f6r\u00fat"},"content":{"rendered":"<div class='booster-block booster-read-block'><\/div><p>Megy\u00e9nkben folytatta a Fidesz n\u00e9pszavaz\u00e1si kamp\u00e1ny\u00e1t Tarl\u00f3s Istv\u00e1n. A politikus arra h\u00edvta fel a figyelmet: a n\u00e9pszavaz\u00e1s nem a Fidesz gy\u0151zelm\u00e9r\u0151l, hanem haz\u00e1nk j\u00f6v\u0151j\u00e9r\u0151l sz\u00f3l. Tarl\u00f3s Istv\u00e1n szerint az emberek akkor\u00e1t csal\u00f3dtak a korm\u00e1nyban, hogy t\u00falnyom\u00f3 t\u00f6bbs\u00e9g\u00fck eg\u00e9szen biztosan elmegy szavazni, \u00e9s igennel voksol.<br \/>\nAz e c\u00e9lra b\u00e9relt kisbusszal \u00e9rkezett Tarl\u00f3s Istv\u00e1n T\u00f3szegre, aki a fideszes polg\u00e1rmesterjel\u00f6lt megh\u00edv\u00e1s\u00e1nak tett eleget. A Szoci\u00e1lis N\u00e9pszavaz\u00e1s 2008 kamp\u00e1nyvezet\u0151je el\u0151sz\u00f6r a helyi Fidesz eln\u00f6kkel t\u00e1rgyalt, majd a szoci\u00e1lis otthonban tett l\u00e1togat\u00e1st. Tarl\u00f3s Istv\u00e1n nemr\u00e9giben kezdte meg megy\u00e9nk t\u00f6bb telep\u00fcl\u00e9s\u00e9t is \u00e9rint\u0151 kamp\u00e1ny\u00e1t, melynek els\u0151dleges c\u00e9lja, hogy felvil\u00e1gos\u00edtsa az embereket a n\u00e9pszavaz\u00e1si k\u00e9rd\u00e9sekr\u0151l. A kamp\u00e1ny ideje alatt els\u0151sorban arr\u00f3l szeretn\u00e9k meggy\u0151zni az embereket, hogy \u00e9rdemes elmenni a fideszes n\u00e9pszavaz\u00e1sra, mivel a min\u0151s\u00e9gi oktat\u00e1s, illetve az eg\u00e9szs\u00e9g\u00fcgyi ell\u00e1t\u00e1s nem csak a gazdagok privil\u00e9giuma. Tarl\u00f3s szerint az emberek csal\u00f3dottak, a korm\u00e1ny szoci\u00e1lis, gazdas\u00e1gi, s\u0151t ment\u00e1lis v\u00e1ls\u00e1gba sodorta az orsz\u00e1got. Tarl\u00f3s Istv\u00e1n hangs\u00falyozta, a n\u00e9pszavaz\u00e1s nem a Fidesz gy\u0151zelm\u00e9r\u0151l, hanem Magyarorsz\u00e1g j\u00f6v\u0151j\u00e9r\u0151l sz\u00f3l. A kamp\u00e1nyvezet\u0151 nem f\u00e9l att\u00f3l, hogy az emberek a szavaz\u00e1s napj\u00e1n ink\u00e1bb otthon maradnak \u00e9s nem mennek el voksolni. Tarl\u00f3s Istv\u00e1n T\u00f3szeg ut\u00e1n Szolnokra l\u00e1togatott, ahol Szalay Ferenc polg\u00e1rmesterrel egy\u00fctt tartottak t\u00e1j\u00e9koztat\u00f3t. Mind ketten egyet \u00e9rtettek abban: a nemzeti egys\u00e9g a t\u00e9tje a n\u00e9pszavaz\u00e1snak. A megyesz\u00e9khely ut\u00e1n T\u00f6r\u00f6kszentmikl\u00f3son, Martf\u0171n \u00e9s Fegyverneken kamp\u00e1nyolt Tarl\u00f3s Istv\u00e1n. A Fidesz kamp\u00e1ny\u00e1nak ir\u00e1ny\u00edt\u00f3ja a tervek szerint 30 v\u00e1rost \u00e9s 120 kisebb telep\u00fcl\u00e9st l\u00e1togat meg tavaszig, hogy a n\u00e9pszavaz\u00e1s sz\u00fcks\u00e9gess\u00e9g\u00e9r\u0151l besz\u00e9ljen.<\/p>\n","protected":false},"excerpt":{"rendered":"<p>Megy\u00e9nkben folytatta a Fidesz n\u00e9pszavaz\u00e1si kamp\u00e1ny\u00e1t Tarl\u00f3s Istv\u00e1n. A politikus arra h\u00edvta fel a figyelmet: a n\u00e9pszavaz\u00e1s nem a Fidesz gy\u0151zelm\u00e9r\u0151l, hanem haz\u00e1nk j\u00f6v\u0151j\u00e9r\u0151l sz\u00f3l. Tarl\u00f3s Istv\u00e1n szerint az emberek akkor\u00e1t csal\u00f3dtak a korm\u00e1nyban, hogy t\u00falnyom\u00f3 t\u00f6bbs\u00e9g\u00fck eg\u00e9szen biztosan elmegy szavazni, \u00e9s igennel voksol. Az e c\u00e9lra b\u00e9relt kisbusszal \u00e9rkezett Tarl\u00f3s Istv\u00e1n T\u00f3szegre, aki a [&hellip;]<\/p>\n","protected":false},"author":2,"featured_media":0,"comment_status":"open","ping_status":"open","sticky":false,"template":"","format":"standard","meta":[],"categories":[24],"tags":[],"_links":{"self":[{"href":"http:\/\/archiv.szolnoktv.hu\/index.php?rest_route=\/wp\/v2\/posts\/30104"}],"collection":[{"href":"http:\/\/archiv.szolnoktv.hu\/index.php?rest_route=\/wp\/v2\/posts"}],"about":[{"href":"http:\/\/archiv.szolnoktv.hu\/index.php?rest_route=\/wp\/v2\/types\/post"}],"author":[{"embeddable":true,"href":"http:\/\/archiv.szolnoktv.hu\/index.php?rest_route=\/wp\/v2\/users\/2"}],"replies":[{"embeddable":true,"href":"http:\/\/archiv.szolnoktv.hu\/index.php?rest_route=%2Fwp%2Fv2%2Fcomments&post=30104"}],"version-history":[{"count":1,"href":"http:\/\/archiv.szolnoktv.hu\/index.php?rest_route=\/wp\/v2\/posts\/30104\/revisions"}],"predecessor-version":[{"id":30262,"href":"http:\/\/archiv.szolnoktv.hu\/index.php?rest_route=\/wp\/v2\/posts\/30104\/revisions\/30262"}],"wp:attachment":[{"href":"http:\/\/archiv.szolnoktv.hu\/index.php?rest_route=%2Fwp%2Fv2%2Fmedia&parent=30104"}],"wp:term":[{"taxonomy":"category","embeddable":true,"href":"http:\/\/archiv.szolnoktv.hu\/index.php?rest_route=%2Fwp%2Fv2%2Fcategories&post=30104"},{"taxonomy":"post_tag","embeddable":true,"href":"http:\/\/archiv.szolnoktv.hu\/index.php?rest_route=%2Fwp%2Fv2%2Ftags&post=30104"}],"curies":[{"name":"wp","href":"https:\/\/api.w.org\/{rel}","templated":true}]}}