{"id":30103,"date":"2008-01-20T20:05:02","date_gmt":"2008-01-20T20:05:02","guid":{"rendered":"http:\/\/archiv.szolnoktv.hu\/?p=30103"},"modified":"2021-11-17T11:05:26","modified_gmt":"2021-11-17T11:05:26","slug":"jegyzok-nelkul-jegyzeteltek","status":"publish","type":"post","link":"http:\/\/archiv.szolnoktv.hu\/?p=30103","title":{"rendered":"Jegyz\u0151k n\u00e9lk\u00fcl jegyzeteltek"},"content":{"rendered":"<div class='booster-block booster-read-block'><\/div><p>A kisebbs\u00e9gi \u00f6nkorm\u00e1nyzatok megv\u00e1ltozott finansz\u00edroz\u00e1si rendszer\u00e9r\u0151l tartottak t\u00e1j\u00e9koztat\u00e1st szombaton, a Megyeh\u00e1za D\u00edszterm\u00e9ben. A szervez\u0151k b\u00edznak benne, hogy a szakmai napnak Szolnok csak az els\u0151 \u00e1llom\u00e1sa volt, \u00e9s a k\u00e9s\u0151bbiekben egy orsz\u00e1gj\u00e1r\u00f3 k\u00f6r\u00fat veheti kezdet\u00e9t.<br \/>\nA megye 42 kisebbs\u00e9gi \u00f6nkorm\u00e1nyzat\u00e1b\u00f3l 32 k\u00e9pviseltette mag\u00e1t szombaton azon a t\u00e1j\u00e9koztat\u00f3 szakmai napon, melyet a Szolnok Megyei Ter\u00fcleti Cig\u00e1ny Kisebbs\u00e9gi \u00d6nkorm\u00e1nyzat szervezett. A nyilv\u00e1nos f\u00f3rum a kisebbs\u00e9gi \u00f6nkorm\u00e1nyzatok anyagi t\u00e1mogat\u00e1s\u00e1t \u00e9rint\u0151, tavaly \u00e9v v\u00e9g\u00e9n sz\u00fcletett korm\u00e1nyrendeletr\u0151l sz\u00f3lt. Az \u00faj k\u00f6lts\u00e9gvet\u00e9si tervezet szerint az elnyerhet\u0151 anyagi t\u00e1mogat\u00e1s 2008-t\u00f3l k\u00e9t r\u00e9szre oszlik; h\u00e1romnegyede a rezsi-k\u00f6lts\u00e9gek kifizet\u00e9s\u00e9t szolg\u00e1lja, a marad\u00e9k 25% pedig az \u00fagynevezett feladat alap\u00fa t\u00e1mogat\u00e1sra marad. Ebb\u0151l az \u00f6sszegb\u0151l p\u00e9ld\u00e1ul kultur\u00e1lis programokat lehetne szervezni &#8211; ami fontos l\u00e9p\u00e9s ahhoz, hogy a rom\u00e1khoz v\u00e9gre ne csak negat\u00edv el\u0151\u00edt\u00e9letek, hanem j\u00f3 p\u00e9ld\u00e1k is t\u00e1rsuljanak. Ehhez viszont elengedhetetlen, hogy az \u00f6nkorm\u00e1nyzati p\u00e1ly\u00e1zatok febru\u00e1r 1-ig be\u00e9rkezzenek az \u00e1llamkincst\u00e1rhoz. Csakhogy szombaton \u00e9ppen a t\u00f6rv\u00e9ny szerint illet\u00e9kes jegyz\u0151k nem jelentek meg: a r\u00e9sztvev\u0151 \u00f6nkorm\u00e1nyzatokat t\u00f6bbs\u00e9g\u00e9ben csak az eln\u00f6k k\u00e9pviselte. Ezek ut\u00e1n k\u00e9rd\u00e9ses, hogy a kisebbs\u00e9gi \u00f6nkorm\u00e1nyzatok hogyan fognak t\u00e1mogat\u00e1st szerezni, ha esetlegesen nem tudj\u00e1k, hogyan t\u00f6lts\u00e9k ki a nyomtatv\u00e1nyokat.<\/p>\n","protected":false},"excerpt":{"rendered":"<p>A kisebbs\u00e9gi \u00f6nkorm\u00e1nyzatok megv\u00e1ltozott finansz\u00edroz\u00e1si rendszer\u00e9r\u0151l tartottak t\u00e1j\u00e9koztat\u00e1st szombaton, a Megyeh\u00e1za D\u00edszterm\u00e9ben. A szervez\u0151k b\u00edznak benne, hogy a szakmai napnak Szolnok csak az els\u0151 \u00e1llom\u00e1sa volt, \u00e9s a k\u00e9s\u0151bbiekben egy orsz\u00e1gj\u00e1r\u00f3 k\u00f6r\u00fat veheti kezdet\u00e9t. A megye 42 kisebbs\u00e9gi \u00f6nkorm\u00e1nyzat\u00e1b\u00f3l 32 k\u00e9pviseltette mag\u00e1t szombaton azon a t\u00e1j\u00e9koztat\u00f3 szakmai napon, melyet a Szolnok Megyei Ter\u00fcleti Cig\u00e1ny Kisebbs\u00e9gi [&hellip;]<\/p>\n","protected":false},"author":2,"featured_media":0,"comment_status":"open","ping_status":"open","sticky":false,"template":"","format":"standard","meta":[],"categories":[24],"tags":[],"_links":{"self":[{"href":"http:\/\/archiv.szolnoktv.hu\/index.php?rest_route=\/wp\/v2\/posts\/30103"}],"collection":[{"href":"http:\/\/archiv.szolnoktv.hu\/index.php?rest_route=\/wp\/v2\/posts"}],"about":[{"href":"http:\/\/archiv.szolnoktv.hu\/index.php?rest_route=\/wp\/v2\/types\/post"}],"author":[{"embeddable":true,"href":"http:\/\/archiv.szolnoktv.hu\/index.php?rest_route=\/wp\/v2\/users\/2"}],"replies":[{"embeddable":true,"href":"http:\/\/archiv.szolnoktv.hu\/index.php?rest_route=%2Fwp%2Fv2%2Fcomments&post=30103"}],"version-history":[{"count":1,"href":"http:\/\/archiv.szolnoktv.hu\/index.php?rest_route=\/wp\/v2\/posts\/30103\/revisions"}],"predecessor-version":[{"id":30263,"href":"http:\/\/archiv.szolnoktv.hu\/index.php?rest_route=\/wp\/v2\/posts\/30103\/revisions\/30263"}],"wp:attachment":[{"href":"http:\/\/archiv.szolnoktv.hu\/index.php?rest_route=%2Fwp%2Fv2%2Fmedia&parent=30103"}],"wp:term":[{"taxonomy":"category","embeddable":true,"href":"http:\/\/archiv.szolnoktv.hu\/index.php?rest_route=%2Fwp%2Fv2%2Fcategories&post=30103"},{"taxonomy":"post_tag","embeddable":true,"href":"http:\/\/archiv.szolnoktv.hu\/index.php?rest_route=%2Fwp%2Fv2%2Ftags&post=30103"}],"curies":[{"name":"wp","href":"https:\/\/api.w.org\/{rel}","templated":true}]}}