{"id":30102,"date":"2008-01-18T19:50:31","date_gmt":"2008-01-18T19:50:31","guid":{"rendered":"http:\/\/archiv.szolnoktv.hu\/?p=30102"},"modified":"2021-11-17T11:05:26","modified_gmt":"2021-11-17T11:05:26","slug":"felveteli-2","status":"publish","type":"post","link":"http:\/\/archiv.szolnoktv.hu\/?p=30102","title":{"rendered":"Felv\u00e9teli"},"content":{"rendered":"<div class='booster-block booster-read-block'><\/div><p>Febru\u00e1r 15-ig kell jelentkezni\u00fck az egyetemekre, f\u0151iskol\u00e1kra a v\u00e9gz\u0151s k\u00f6z\u00e9piskol\u00e1soknak.<br \/>\nT\u00f6rt\u00e9nelem \u00f3ra a f\u00e9l\u00e9v utols\u00f3 napj\u00e1n a Varga Katalin Gimn\u00e1ziumban. A m\u00e1jusi emelt szint\u0171 \u00e9retts\u00e9gire k\u00e9sz\u00fclnek a kis csoportban. A v\u00e9gz\u0151s k\u00f6z\u00e9piskol\u00e1soknak a k\u00f6zelj\u00f6v\u0151ben nemcsak a tanul\u00e1ssal kell foglalkozniuk: pontosan egy h\u00f3napjuk maradt arra, hogy eld\u00f6nts\u00e9k, melyik f\u0151iskol\u00e1n vagy egyetemen szeretn\u00e9k folytatni tanulm\u00e1nyaikat szeptembert\u0151l. Ha a nehez\u00e9n t\u00falvannak, azaz siker\u00fclt kital\u00e1lniuk, hogy az elk\u00f6vetkezend\u0151 p\u00e1r \u00e9vben mit tanuln\u00e1nak sz\u00edvesen, akkor m\u00e1r csak a kit\u00f6lt\u00f6tt jelentkez\u00e9si lapokat kell elk\u00fcldeni\u00fck febru\u00e1r 15-ig. A v\u00e9gz\u0151s\u00f6k id\u00e9n is korl\u00e1tlan sz\u00e1m\u00fa helyre p\u00e1ly\u00e1zhatnak, s a jelentkez\u00e9s\u00fcket a hagyom\u00e1nyos postai \u00faton k\u00edv\u00fcl interneten, e- felv\u00e9telivel is int\u00e9zhetik. A jelentkez\u00e9si lapok persze csak akkor v\u00e1lnak \u00e9rv\u00e9nyess\u00e9, ha a felv\u00e9teli elj\u00e1r\u00e1s d\u00edj\u00e1t is befizetik a jelentkez\u0151k: ez legal\u00e1bb 9000 forintot jelent- ez\u00e9rt 3 k\u00e9pz\u00e9st lehet megjel\u00f6lni. A di\u00e1kok t\u00f6bbs\u00e9g\u00e9t viszont nem a jelentkez\u00e9s d\u00edja aggasztja legink\u00e1bb. A mostani jelentkez\u0151k m\u00e1r belecs\u00fasztak az \u00faj felv\u00e9teli rendszerbe, ahol a maxim\u00e1lisan el\u00e9rhet\u0151 pontsz\u00e1m 144 helyett m\u00e1r 480 pont lesz. Azt, hogy ebb\u0151l kinek h\u00e1nyat siker\u00fcl megszerezni, s hogy az melyik f\u0151iskol\u00e1hoz, egyetemhez lesz elegend\u0151, v\u00e1rhat\u00f3an j\u00falius 24-\u00e9n fog kider\u00fclni.<\/p>\n","protected":false},"excerpt":{"rendered":"<p>Febru\u00e1r 15-ig kell jelentkezni\u00fck az egyetemekre, f\u0151iskol\u00e1kra a v\u00e9gz\u0151s k\u00f6z\u00e9piskol\u00e1soknak. T\u00f6rt\u00e9nelem \u00f3ra a f\u00e9l\u00e9v utols\u00f3 napj\u00e1n a Varga Katalin Gimn\u00e1ziumban. A m\u00e1jusi emelt szint\u0171 \u00e9retts\u00e9gire k\u00e9sz\u00fclnek a kis csoportban. A v\u00e9gz\u0151s k\u00f6z\u00e9piskol\u00e1soknak a k\u00f6zelj\u00f6v\u0151ben nemcsak a tanul\u00e1ssal kell foglalkozniuk: pontosan egy h\u00f3napjuk maradt arra, hogy eld\u00f6nts\u00e9k, melyik f\u0151iskol\u00e1n vagy egyetemen szeretn\u00e9k folytatni tanulm\u00e1nyaikat szeptembert\u0151l. Ha [&hellip;]<\/p>\n","protected":false},"author":2,"featured_media":0,"comment_status":"open","ping_status":"open","sticky":false,"template":"","format":"standard","meta":[],"categories":[24],"tags":[],"_links":{"self":[{"href":"http:\/\/archiv.szolnoktv.hu\/index.php?rest_route=\/wp\/v2\/posts\/30102"}],"collection":[{"href":"http:\/\/archiv.szolnoktv.hu\/index.php?rest_route=\/wp\/v2\/posts"}],"about":[{"href":"http:\/\/archiv.szolnoktv.hu\/index.php?rest_route=\/wp\/v2\/types\/post"}],"author":[{"embeddable":true,"href":"http:\/\/archiv.szolnoktv.hu\/index.php?rest_route=\/wp\/v2\/users\/2"}],"replies":[{"embeddable":true,"href":"http:\/\/archiv.szolnoktv.hu\/index.php?rest_route=%2Fwp%2Fv2%2Fcomments&post=30102"}],"version-history":[{"count":1,"href":"http:\/\/archiv.szolnoktv.hu\/index.php?rest_route=\/wp\/v2\/posts\/30102\/revisions"}],"predecessor-version":[{"id":30264,"href":"http:\/\/archiv.szolnoktv.hu\/index.php?rest_route=\/wp\/v2\/posts\/30102\/revisions\/30264"}],"wp:attachment":[{"href":"http:\/\/archiv.szolnoktv.hu\/index.php?rest_route=%2Fwp%2Fv2%2Fmedia&parent=30102"}],"wp:term":[{"taxonomy":"category","embeddable":true,"href":"http:\/\/archiv.szolnoktv.hu\/index.php?rest_route=%2Fwp%2Fv2%2Fcategories&post=30102"},{"taxonomy":"post_tag","embeddable":true,"href":"http:\/\/archiv.szolnoktv.hu\/index.php?rest_route=%2Fwp%2Fv2%2Ftags&post=30102"}],"curies":[{"name":"wp","href":"https:\/\/api.w.org\/{rel}","templated":true}]}}