{"id":30101,"date":"2008-01-18T19:46:28","date_gmt":"2008-01-18T19:46:28","guid":{"rendered":"http:\/\/archiv.szolnoktv.hu\/?p=30101"},"modified":"2021-11-17T11:05:26","modified_gmt":"2021-11-17T11:05:26","slug":"hallatnak-a-hangjukat","status":"publish","type":"post","link":"http:\/\/archiv.szolnoktv.hu\/?p=30101","title":{"rendered":"Hallatn\u00e1k a hangjukat"},"content":{"rendered":"<div class='booster-block booster-read-block'><\/div><p>A szocialist\u00e1k t\u00f6bb javaslatot tettek az elm\u00falt hetekben a v\u00e1ros \u00f6sszehangolt fejleszt\u00e9si terveihez. Amint az sajt\u00f3t\u00e1j\u00e9koztat\u00f3jukon elhangzott: \u00f6tleteik nagyobb r\u00e9sz\u00e9t m\u00e1r belef\u00e9s\u00fclt\u00e9k az anyagba, amelyik folyamatosan alakul, ahogyan \u00e9rkeznek az \u00fajabb \u00e9s \u00fajabb elk\u00e9pzel\u00e9sek.<br \/>\nA szocialist\u00e1k szolnoki eln\u00f6ke, Cs\u00e1k L\u00e1szl\u00f3 szerint a v\u00e1ros sok-sok panelh\u00e1z\u00e1ra r\u00e1f\u00e9r a f\u00f6l\u00faj\u00edt\u00e1s, m\u00e1r csak az\u00e9rt is, hogy a szinte t\u00f6bbs\u00e9gi v\u00e1roslak\u00f3k jobban \u00e9rezhess\u00e9k magukat, hiszen panelban lakni nem \u00e9lvezet, hanem sz\u00fcks\u00e9g.   A szocializmus idej\u00e9n szorgalmazt\u00e1k az akkori vezet&#245;k a v\u00e1rosiasod\u00e1st, amihez sok lak\u00e1s kellett &#8211; szovjet mint\u00e1ra. Most mindegyik rossz \u00e1llapotban van m\u00e1r, alak\u00edt\u00e1suk irdatlan p\u00e9nzbe ker\u00fcl. \u00daj Tisza-h\u00edd kell &#8211; sz\u00f6gezte le a v\u00e1rosi eln\u00f6k \u00e9s ezt senki sem vitatja, m\u00e1s is \u00edgy gondolja. \u00c9s m\u00e9g mennyi minden kellene! P\u00e9ld\u00e1ul betelep\u00fcl&#245; ipar. Nos, az elm\u00falt \u00e9vekhez k\u00e9pest jelent&#245;s az el&#245;rel\u00e9p\u00e9s a Stadler \u00e9s Segura nev&#251; c\u00e9gek megjelen\u00e9s\u00e9vel, persze ez m\u00e9g nem el\u00e9g. A szocialist\u00e1k  a K&#245;r\u00f6si \u00fat menti ipari ter\u00fcletet \u00e9leszten\u00e9k m\u00e9g jobban. T\u00f6bbet tenn\u00e9nek a Holt-Tisza kajak-kenu p\u00e1ly\u00e1j\u00e1nak feljeszt\u00e9s\u00e9\u00e9rt, a lak\u00f3\u00f6vezetek b&#245;v\u00edt\u00e9s\u00e9\u00e9rt, a Tiszai szabadstrand\u00e9rt, a tiszai kik\u00f6t&#245;\u00e9rt. Javaslataik nagyobbik r\u00e9sze m\u00e1r benne van az \u00e1ltal\u00e1nos v\u00e1rosfejleszt\u00e9si elk\u00e9pzel\u00e9sekben, amihez m\u00e9g j\u00f6nnek a tov\u00e1bbi javaslatok. Az \u00f6tleteket, a lehet&#245;s\u00e9geket \u00e9s a forintokat is figyelembe v\u00e9ve, tal\u00e1n ny\u00e1rra el is k\u00e9sz\u00fclhet egy hosszabb t\u00e1v\u00fa v\u00e1rosfejleszt\u00e9si elk\u00e9pzel\u00e9s.<\/p>\n","protected":false},"excerpt":{"rendered":"<p>A szocialist\u00e1k t\u00f6bb javaslatot tettek az elm\u00falt hetekben a v\u00e1ros \u00f6sszehangolt fejleszt\u00e9si terveihez. Amint az sajt\u00f3t\u00e1j\u00e9koztat\u00f3jukon elhangzott: \u00f6tleteik nagyobb r\u00e9sz\u00e9t m\u00e1r belef\u00e9s\u00fclt\u00e9k az anyagba, amelyik folyamatosan alakul, ahogyan \u00e9rkeznek az \u00fajabb \u00e9s \u00fajabb elk\u00e9pzel\u00e9sek. A szocialist\u00e1k szolnoki eln\u00f6ke, Cs\u00e1k L\u00e1szl\u00f3 szerint a v\u00e1ros sok-sok panelh\u00e1z\u00e1ra r\u00e1f\u00e9r a f\u00f6l\u00faj\u00edt\u00e1s, m\u00e1r csak az\u00e9rt is, hogy a szinte [&hellip;]<\/p>\n","protected":false},"author":2,"featured_media":0,"comment_status":"open","ping_status":"open","sticky":false,"template":"","format":"standard","meta":[],"categories":[24],"tags":[],"_links":{"self":[{"href":"http:\/\/archiv.szolnoktv.hu\/index.php?rest_route=\/wp\/v2\/posts\/30101"}],"collection":[{"href":"http:\/\/archiv.szolnoktv.hu\/index.php?rest_route=\/wp\/v2\/posts"}],"about":[{"href":"http:\/\/archiv.szolnoktv.hu\/index.php?rest_route=\/wp\/v2\/types\/post"}],"author":[{"embeddable":true,"href":"http:\/\/archiv.szolnoktv.hu\/index.php?rest_route=\/wp\/v2\/users\/2"}],"replies":[{"embeddable":true,"href":"http:\/\/archiv.szolnoktv.hu\/index.php?rest_route=%2Fwp%2Fv2%2Fcomments&post=30101"}],"version-history":[{"count":1,"href":"http:\/\/archiv.szolnoktv.hu\/index.php?rest_route=\/wp\/v2\/posts\/30101\/revisions"}],"predecessor-version":[{"id":30265,"href":"http:\/\/archiv.szolnoktv.hu\/index.php?rest_route=\/wp\/v2\/posts\/30101\/revisions\/30265"}],"wp:attachment":[{"href":"http:\/\/archiv.szolnoktv.hu\/index.php?rest_route=%2Fwp%2Fv2%2Fmedia&parent=30101"}],"wp:term":[{"taxonomy":"category","embeddable":true,"href":"http:\/\/archiv.szolnoktv.hu\/index.php?rest_route=%2Fwp%2Fv2%2Fcategories&post=30101"},{"taxonomy":"post_tag","embeddable":true,"href":"http:\/\/archiv.szolnoktv.hu\/index.php?rest_route=%2Fwp%2Fv2%2Ftags&post=30101"}],"curies":[{"name":"wp","href":"https:\/\/api.w.org\/{rel}","templated":true}]}}