{"id":30100,"date":"2008-01-18T19:43:58","date_gmt":"2008-01-18T19:43:58","guid":{"rendered":"http:\/\/archiv.szolnoktv.hu\/?p=30100"},"modified":"2021-11-17T11:05:26","modified_gmt":"2021-11-17T11:05:26","slug":"fustmergezesre-gyanakodnak","status":"publish","type":"post","link":"http:\/\/archiv.szolnoktv.hu\/?p=30100","title":{"rendered":"F\u00fcstm\u00e9rgez\u00e9sre gyanakodnak"},"content":{"rendered":"<div class='booster-block booster-read-block'><\/div><p>F\u00fcstm\u00e9rgez\u00e9s okozhatta annak a k\u00f6z\u00e9pkor\u00fa n&#245;nek a hal\u00e1l\u00e1t, akire \u00e9lett\u00e1rsa tal\u00e1lt r\u00e1 Kal\u00e1sz utcai alb\u00e9rlet\u00fckben. B\u00e1r idegenkez&#245;s\u00e9gre utal\u00f3 jeleket nem tal\u00e1ltak, a rend&#245;rs\u00e9g tov\u00e1bb vizsg\u00e1lja a trag\u00e9dia okait.<br \/>\nD\u00e9lut\u00e1n \u00e9rtek ki a rend&#245;r\u00f6k \u00e9s a t&#251;zolt\u00f3k, akiket szomor\u00fa k\u00e9p fogadott: egy h\u00f6lgy vesztette \u00e9let\u00e9t a h\u00e1zhoz tartoz\u00f3 als\u00f3 \u00e9p\u00fcletben. A h\u00e1z tulajdonos\u00e1nak hozz\u00e1tartoz\u00f3j\u00e1t\u00f3l megtudtuk: az \u00e9p\u00fcletben \u00e9vek \u00f3ta alb\u00e9rl&#245;k \u00e9ltek. Az elhunyt egyed\u00fcl volt otthon, mikor feltehet&#245;en elaludt a k\u00e1lyha el&#245;tti fotelben &#8211; egy, a k\u00e1lyh\u00e1b\u00f3l kipattan\u00f3 szikra gy\u00fajthatta fel a fotelt, feltehet&#245;en a f\u00fcstben fulladt meg az asszony. A hal\u00e1l ok\u00e1t a helysz\u00ednre \u00e9rkez&#245; t&#251;zolt\u00f3k \u00e1llap\u00edtott\u00e1k meg, akiket a n&#245; \u00e9lett\u00e1rsa \u00e9rtes\u00edtett a trag\u00e9di\u00e1r\u00f3l. Val\u00f3sz\u00edn&#251;leg baleset t\u00f6rt\u00e9nt, de a k\u00f6r\u00fclm\u00e9nyeket a rend&#245;rs\u00e9g m\u00e9g vizsg\u00e1lja.<\/p>\n","protected":false},"excerpt":{"rendered":"<p>F\u00fcstm\u00e9rgez\u00e9s okozhatta annak a k\u00f6z\u00e9pkor\u00fa n&#245;nek a hal\u00e1l\u00e1t, akire \u00e9lett\u00e1rsa tal\u00e1lt r\u00e1 Kal\u00e1sz utcai alb\u00e9rlet\u00fckben. B\u00e1r idegenkez&#245;s\u00e9gre utal\u00f3 jeleket nem tal\u00e1ltak, a rend&#245;rs\u00e9g tov\u00e1bb vizsg\u00e1lja a trag\u00e9dia okait. D\u00e9lut\u00e1n \u00e9rtek ki a rend&#245;r\u00f6k \u00e9s a t&#251;zolt\u00f3k, akiket szomor\u00fa k\u00e9p fogadott: egy h\u00f6lgy vesztette \u00e9let\u00e9t a h\u00e1zhoz tartoz\u00f3 als\u00f3 \u00e9p\u00fcletben. A h\u00e1z tulajdonos\u00e1nak hozz\u00e1tartoz\u00f3j\u00e1t\u00f3l megtudtuk: az [&hellip;]<\/p>\n","protected":false},"author":2,"featured_media":0,"comment_status":"open","ping_status":"open","sticky":false,"template":"","format":"standard","meta":[],"categories":[24],"tags":[],"_links":{"self":[{"href":"http:\/\/archiv.szolnoktv.hu\/index.php?rest_route=\/wp\/v2\/posts\/30100"}],"collection":[{"href":"http:\/\/archiv.szolnoktv.hu\/index.php?rest_route=\/wp\/v2\/posts"}],"about":[{"href":"http:\/\/archiv.szolnoktv.hu\/index.php?rest_route=\/wp\/v2\/types\/post"}],"author":[{"embeddable":true,"href":"http:\/\/archiv.szolnoktv.hu\/index.php?rest_route=\/wp\/v2\/users\/2"}],"replies":[{"embeddable":true,"href":"http:\/\/archiv.szolnoktv.hu\/index.php?rest_route=%2Fwp%2Fv2%2Fcomments&post=30100"}],"version-history":[{"count":1,"href":"http:\/\/archiv.szolnoktv.hu\/index.php?rest_route=\/wp\/v2\/posts\/30100\/revisions"}],"predecessor-version":[{"id":30266,"href":"http:\/\/archiv.szolnoktv.hu\/index.php?rest_route=\/wp\/v2\/posts\/30100\/revisions\/30266"}],"wp:attachment":[{"href":"http:\/\/archiv.szolnoktv.hu\/index.php?rest_route=%2Fwp%2Fv2%2Fmedia&parent=30100"}],"wp:term":[{"taxonomy":"category","embeddable":true,"href":"http:\/\/archiv.szolnoktv.hu\/index.php?rest_route=%2Fwp%2Fv2%2Fcategories&post=30100"},{"taxonomy":"post_tag","embeddable":true,"href":"http:\/\/archiv.szolnoktv.hu\/index.php?rest_route=%2Fwp%2Fv2%2Ftags&post=30100"}],"curies":[{"name":"wp","href":"https:\/\/api.w.org\/{rel}","templated":true}]}}