{"id":30099,"date":"2008-01-18T19:41:54","date_gmt":"2008-01-18T19:41:54","guid":{"rendered":"http:\/\/archiv.szolnoktv.hu\/?p=30099"},"modified":"2021-11-17T11:05:27","modified_gmt":"2021-11-17T11:05:27","slug":"labuktak-az-orvhorgaszok","status":"publish","type":"post","link":"http:\/\/archiv.szolnoktv.hu\/?p=30099","title":{"rendered":"Labuktak az orvhorg\u00e1szok"},"content":{"rendered":"<div class='booster-block booster-read-block'><\/div><p>Rapsicokat fogtak el ma hajnalban a szolnoki rend\u0151r\u00f6k Nagyk\u00f6r\u0171ben. A hatf\u0151s csoport k\u00e9t- h\u00e1rom m\u00e1zsa kecseg\u00e9t gerebly\u00e9zett ki a Tisz\u00e1b\u00f3l.<br \/>\nCs\u00fct\u00f6rt\u00f6k este \u00f3ta figyelt\u00e9k a rapsicokat a hal\u0151r\u00f6k. H\u0151kamer\u00e1val k\u00f6vett\u00e9k mozg\u00e1sukat, \u00edgy \u00e9jszaka is l\u00e1tt\u00e1k azt, hogy n\u00e9gyen cs\u00f3nakba sz\u00e1llnak \u00e9s gerebly\u00e9zik a Tisz\u00e1t. Az orvhal\u00e1szok kecseg\u00e9re specializ\u00e1l\u00f3dtak, az \u00edzletes h\u00fas\u00fa hal\u00e9rt j\u00f3 p\u00e9nzt adnak a felv\u00e1s\u00e1rl\u00f3k. A hal\u0151r\u00f6k n\u00e9v szerint ismerik a tolvajokat, igaz, a rapsicok a hal\u0151r\u00f6k akci\u00f3ir\u00f3l \u00e9rtes\u00fclnek \u00e9pp idej\u00e9ben. Mobiltelefonon tartj\u00e1k egym\u00e1ssal a kapcsolatot az orvhal\u00e1szok, \u00e9s term\u00e9szetesen \u0151k is fel vannak szerelve mindenf\u00e9le technikai eszk\u00f6zzel. A rabl\u00f3- pand\u00farosdi ma hajnalban a hal\u0151r\u00f6k gy\u0151zelm\u00e9vel \u00e9rt v\u00e9get. Az orvhal\u00e1szok egy k\u00f6zeli h\u00e1zba menek\u00fcltek be, a hal\u0151r\u00f6k ekkor riasztott\u00e1k a szolnoki rend\u0151r\u00f6ket, akik behatoltak a h\u00e1zba. A h\u00e1rom rapsicot elkapt\u00e1k. A csoport m\u00e1sik fele nem akadt m\u00e9g horogra, de a hal\u0151r szerint ez csak id\u0151 k\u00e9rd\u00e9se. A gerebly\u00e9z\u00e9s \u00e1llatk\u00ednz\u00e1snak min\u0151s\u00fcl, ez\u00e9rt is \u00e9rt\u00e9kes a k\u00e9t megtal\u00e1lt k\u00e9t kecsege. A rajtuk l\u00e9v\u0151 k\u00fcls\u00e9relmi nyomok bizony\u00edt\u00e9kk\u00e9nt haszn\u00e1lhat\u00f3k fel.<\/p>\n","protected":false},"excerpt":{"rendered":"<p>Rapsicokat fogtak el ma hajnalban a szolnoki rend\u0151r\u00f6k Nagyk\u00f6r\u0171ben. A hatf\u0151s csoport k\u00e9t- h\u00e1rom m\u00e1zsa kecseg\u00e9t gerebly\u00e9zett ki a Tisz\u00e1b\u00f3l. Cs\u00fct\u00f6rt\u00f6k este \u00f3ta figyelt\u00e9k a rapsicokat a hal\u0151r\u00f6k. H\u0151kamer\u00e1val k\u00f6vett\u00e9k mozg\u00e1sukat, \u00edgy \u00e9jszaka is l\u00e1tt\u00e1k azt, hogy n\u00e9gyen cs\u00f3nakba sz\u00e1llnak \u00e9s gerebly\u00e9zik a Tisz\u00e1t. Az orvhal\u00e1szok kecseg\u00e9re specializ\u00e1l\u00f3dtak, az \u00edzletes h\u00fas\u00fa hal\u00e9rt j\u00f3 p\u00e9nzt adnak [&hellip;]<\/p>\n","protected":false},"author":2,"featured_media":0,"comment_status":"open","ping_status":"open","sticky":false,"template":"","format":"standard","meta":[],"categories":[24],"tags":[],"_links":{"self":[{"href":"http:\/\/archiv.szolnoktv.hu\/index.php?rest_route=\/wp\/v2\/posts\/30099"}],"collection":[{"href":"http:\/\/archiv.szolnoktv.hu\/index.php?rest_route=\/wp\/v2\/posts"}],"about":[{"href":"http:\/\/archiv.szolnoktv.hu\/index.php?rest_route=\/wp\/v2\/types\/post"}],"author":[{"embeddable":true,"href":"http:\/\/archiv.szolnoktv.hu\/index.php?rest_route=\/wp\/v2\/users\/2"}],"replies":[{"embeddable":true,"href":"http:\/\/archiv.szolnoktv.hu\/index.php?rest_route=%2Fwp%2Fv2%2Fcomments&post=30099"}],"version-history":[{"count":1,"href":"http:\/\/archiv.szolnoktv.hu\/index.php?rest_route=\/wp\/v2\/posts\/30099\/revisions"}],"predecessor-version":[{"id":30267,"href":"http:\/\/archiv.szolnoktv.hu\/index.php?rest_route=\/wp\/v2\/posts\/30099\/revisions\/30267"}],"wp:attachment":[{"href":"http:\/\/archiv.szolnoktv.hu\/index.php?rest_route=%2Fwp%2Fv2%2Fmedia&parent=30099"}],"wp:term":[{"taxonomy":"category","embeddable":true,"href":"http:\/\/archiv.szolnoktv.hu\/index.php?rest_route=%2Fwp%2Fv2%2Fcategories&post=30099"},{"taxonomy":"post_tag","embeddable":true,"href":"http:\/\/archiv.szolnoktv.hu\/index.php?rest_route=%2Fwp%2Fv2%2Ftags&post=30099"}],"curies":[{"name":"wp","href":"https:\/\/api.w.org\/{rel}","templated":true}]}}