{"id":30098,"date":"2008-01-18T19:39:46","date_gmt":"2008-01-18T19:39:46","guid":{"rendered":"http:\/\/archiv.szolnoktv.hu\/?p=30098"},"modified":"2021-11-17T11:05:27","modified_gmt":"2021-11-17T11:05:27","slug":"kinnfelejtett-kampany","status":"publish","type":"post","link":"http:\/\/archiv.szolnoktv.hu\/?p=30098","title":{"rendered":"Kinnfelejtett kamp\u00e1ny"},"content":{"rendered":"<div class='booster-block booster-read-block'><\/div><p>A t\u00f6rv\u00e9nyek szerint, a K\u00f6zter\u00fclet Fel\u00fcgyeletnek meg kellene b\u0171ntetnie a k\u00f6zgy\u0171l\u00e9si p\u00e1rtokat, ha azok v\u00e1laszt\u00e1si plak\u00e1tjaikat nem t\u00e1vol\u00edtj\u00e1k el id\u0151ben. Majdnem m\u00e1sf\u00e9l \u00e9v telt m\u00e1r el az \u00f6nkorm\u00e1nyzati v\u00e1laszt\u00e1sok \u00f3ta, v\u00e1rosunkban m\u00e9gis gyakran tal\u00e1lkozhatunk kint felejtett hirdetm\u00e9nyekkel, a felel\u0151ss\u00e9grevon\u00e1s azonban eddig elmaradt.<br \/>\nA v\u00e1laszt\u00e1si kamp\u00e1ny egyik legfontosabb eszk\u00f6ze, a plak\u00e1t. A jel\u00f6ltek \u00e9s a jel\u00f6l\u0151 szervezetek a v\u00e1laszt\u00e1si kamp\u00e1ny v\u00e9g\u00e9ig enged\u00e9ly \u00e9s bejelent\u00e9s n\u00e9lk\u00fcl k\u00e9sz\u00edthetnek plak\u00e1tot, azonban az elhelyez\u00e9s\u00fckre k\u00fcl\u00f6nb\u00f6z\u0151 korl\u00e1toz\u00e1sokkal van lehet\u0151s\u00e9g.   \u00cdgy p\u00e9ld\u00e1ul \u00e9p\u00fclet fal\u00e1ra vagy ker\u00edt\u00e9sre a tulajdonos hozz\u00e1j\u00e1rul\u00e1s\u00e1val; \u00e1llami vagy \u00f6nkorm\u00e1nyzati tulajdonban l\u00e9v\u0151 ingatlan eset\u00e9n a vagyonkezel\u0151i jog gyakorl\u00f3j\u00e1nak enged\u00e9ly\u00e9vel. A plak\u00e1t felragaszt\u00e1sakor figyelemmel kell lenni arra, hogy az ne fedje m\u00e1s jel\u00f6lt vagy jel\u00f6l\u0151 szervezet plak\u00e1tj\u00e1t, \u00e9s k\u00e1rokoz\u00e1s n\u00e9lk\u00fcl elt\u00e1vol\u00edthat\u00f3 legyen. A kiragasztott hirdetm\u00e9nyeket a szavaz\u00e1st k\u00f6vet\u0151 30 napon bel\u00fcl k\u00f6teles elt\u00e1vol\u00edtani az, aki elhelyezte, vagy akinek \u00e9rdek\u00e9ben elhelyezt\u00e9k. Ezzel azonban \u00fagy l\u00e1tszik, Szolnokon nincs mindenki tiszt\u00e1ban. M\u00e1sf\u00e9l \u00e9vvel a helyhat\u00f3s\u00e1gi v\u00e1laszt\u00e1sok \u00e9s sz\u00e1mos es\u0151s id\u0151szak ut\u00e1n is, v\u00e1rosunkban m\u00e9g mindig tal\u00e1lkozhatunk kint felejtett v\u00e1laszt\u00e1si plak\u00e1tokkal, jobb\u00e1ra az SZDSZ egykori jel\u00f6ltjeit \u00e1br\u00e1zol\u00f3 falragaszokkal. Elviekben ez\u00e9rt b\u0171ntet\u00e9s j\u00e1rna. Azonban a k\u00f6zgy\u0171l\u00e9sbe k\u00e9pvisel\u0151ket deleg\u00e1l\u00f3 n\u00e9gy p\u00e1rt egyik\u00e9t sem vonta ez\u00e9rt felel\u0151ss\u00e9gre a K\u00f6zter\u00fclet Fel\u00fcgyelet, holott ilyen esetekben szab\u00e1lys\u00e9rt\u00e9si feljelent\u00e9st kellene tennie. <\/p>\n","protected":false},"excerpt":{"rendered":"<p>A t\u00f6rv\u00e9nyek szerint, a K\u00f6zter\u00fclet Fel\u00fcgyeletnek meg kellene b\u0171ntetnie a k\u00f6zgy\u0171l\u00e9si p\u00e1rtokat, ha azok v\u00e1laszt\u00e1si plak\u00e1tjaikat nem t\u00e1vol\u00edtj\u00e1k el id\u0151ben. Majdnem m\u00e1sf\u00e9l \u00e9v telt m\u00e1r el az \u00f6nkorm\u00e1nyzati v\u00e1laszt\u00e1sok \u00f3ta, v\u00e1rosunkban m\u00e9gis gyakran tal\u00e1lkozhatunk kint felejtett hirdetm\u00e9nyekkel, a felel\u0151ss\u00e9grevon\u00e1s azonban eddig elmaradt. A v\u00e1laszt\u00e1si kamp\u00e1ny egyik legfontosabb eszk\u00f6ze, a plak\u00e1t. A jel\u00f6ltek \u00e9s a jel\u00f6l\u0151 [&hellip;]<\/p>\n","protected":false},"author":2,"featured_media":0,"comment_status":"open","ping_status":"open","sticky":false,"template":"","format":"standard","meta":[],"categories":[24],"tags":[],"_links":{"self":[{"href":"http:\/\/archiv.szolnoktv.hu\/index.php?rest_route=\/wp\/v2\/posts\/30098"}],"collection":[{"href":"http:\/\/archiv.szolnoktv.hu\/index.php?rest_route=\/wp\/v2\/posts"}],"about":[{"href":"http:\/\/archiv.szolnoktv.hu\/index.php?rest_route=\/wp\/v2\/types\/post"}],"author":[{"embeddable":true,"href":"http:\/\/archiv.szolnoktv.hu\/index.php?rest_route=\/wp\/v2\/users\/2"}],"replies":[{"embeddable":true,"href":"http:\/\/archiv.szolnoktv.hu\/index.php?rest_route=%2Fwp%2Fv2%2Fcomments&post=30098"}],"version-history":[{"count":1,"href":"http:\/\/archiv.szolnoktv.hu\/index.php?rest_route=\/wp\/v2\/posts\/30098\/revisions"}],"predecessor-version":[{"id":30268,"href":"http:\/\/archiv.szolnoktv.hu\/index.php?rest_route=\/wp\/v2\/posts\/30098\/revisions\/30268"}],"wp:attachment":[{"href":"http:\/\/archiv.szolnoktv.hu\/index.php?rest_route=%2Fwp%2Fv2%2Fmedia&parent=30098"}],"wp:term":[{"taxonomy":"category","embeddable":true,"href":"http:\/\/archiv.szolnoktv.hu\/index.php?rest_route=%2Fwp%2Fv2%2Fcategories&post=30098"},{"taxonomy":"post_tag","embeddable":true,"href":"http:\/\/archiv.szolnoktv.hu\/index.php?rest_route=%2Fwp%2Fv2%2Ftags&post=30098"}],"curies":[{"name":"wp","href":"https:\/\/api.w.org\/{rel}","templated":true}]}}