{"id":30096,"date":"2008-01-18T19:32:33","date_gmt":"2008-01-18T19:32:33","guid":{"rendered":"http:\/\/archiv.szolnoktv.hu\/?p=30096"},"modified":"2021-11-17T11:05:27","modified_gmt":"2021-11-17T11:05:27","slug":"kivizsgalas-elott-a-belvaros-forgalma","status":"publish","type":"post","link":"http:\/\/archiv.szolnoktv.hu\/?p=30096","title":{"rendered":"Kivizsg\u00e1l\u00e1s el\u0151tt a belv\u00e1ros forgalma"},"content":{"rendered":"<div class='booster-block booster-read-block'><\/div><p>R\u00f6vid z\u00f6ld, hossz\u00fa sorok. M\u00e1jusban fel\u00fclvizsg\u00e1lj\u00e1k a belv\u00e1ros forgalmi rendj\u00e9t. N\u00e9h\u00e1ny esetben majd v\u00e1ltoztatnak is rajta, de komolyabb \u00e1talak\u00edt\u00e1sokra nem kell sz\u00e1m\u00edtani.<br \/>\nAlig n\u00e9h\u00e1ny m\u00e1sodperc alatt kellene \u00e1t\u00e9rni a gyalog\u00e1tkel&#245;helyeken. Sok esetben erre a nyugd\u00edjasok nem is k\u00e9pesek. Sz\u00e1mos probl\u00e9m\u00e1t jeleztek m\u00e1r a lak\u00f3k az \u00f6nkorm\u00e1nyzat fel\u00e9. Ezeket, ha lesz r\u00e1 lehet&#245;s\u00e9g, orvosolj\u00e1k. M\u00e1jusban az eg\u00e9sz k\u00f6zleked\u00e9si rendet fel\u00fclvizsg\u00e1lj\u00e1k \u00e9s a sz\u00fcks\u00e9ges beavatkoz\u00e1sokat megteszik. Drasztikus v\u00e1ltoz\u00e1sra nem kell sz\u00e1m\u00edtani.   A legt\u00f6bb panasz jelenleg a S\u00f3h\u00e1z \u00fat, valamint a Magyar \u00fat megn\u00f6vekedett forgalm\u00e1r\u00f3l sz\u00f3l, de sokan kritiz\u00e1lj\u00e1k a jelent&#245;s v\u00e1ltoz\u00e1son \u00e1tesett buszk\u00f6zleked\u00e9st is. Jelenleg sok bossz\u00fas\u00e1got okoznak a jelz&#245;l\u00e1mp\u00e1k meglehet&#245;sen r\u00f6vid z\u00f6ld peri\u00f3dusai. Tal\u00e1n ez\u00e9rt gyakori l\u00e1tv\u00e1ny, hogy az aut\u00f3sok m\u00e9g a piros jelz\u00e9sen is \u00e1thajtanak. &#8220;Nem v\u00e1rosi \u00e9s nem megyei probl\u00e9m\u00e1r\u00f3l van sz\u00f3. Sajnos ez<br \/>\n\u00fagy lehet mondani<br \/>\nhogy egy magyarorsz\u00e1gi gond. Sokan sz\u00e1nd\u00e9kosan fittyet h\u00e1nynak a tilos jelz\u00e9sre<\/p>\n","protected":false},"excerpt":{"rendered":"<p>R\u00f6vid z\u00f6ld, hossz\u00fa sorok. M\u00e1jusban fel\u00fclvizsg\u00e1lj\u00e1k a belv\u00e1ros forgalmi rendj\u00e9t. N\u00e9h\u00e1ny esetben majd v\u00e1ltoztatnak is rajta, de komolyabb \u00e1talak\u00edt\u00e1sokra nem kell sz\u00e1m\u00edtani. Alig n\u00e9h\u00e1ny m\u00e1sodperc alatt kellene \u00e1t\u00e9rni a gyalog\u00e1tkel&#245;helyeken. Sok esetben erre a nyugd\u00edjasok nem is k\u00e9pesek. Sz\u00e1mos probl\u00e9m\u00e1t jeleztek m\u00e1r a lak\u00f3k az \u00f6nkorm\u00e1nyzat fel\u00e9. Ezeket, ha lesz r\u00e1 lehet&#245;s\u00e9g, orvosolj\u00e1k. M\u00e1jusban az [&hellip;]<\/p>\n","protected":false},"author":2,"featured_media":0,"comment_status":"open","ping_status":"open","sticky":false,"template":"","format":"standard","meta":[],"categories":[24],"tags":[],"_links":{"self":[{"href":"http:\/\/archiv.szolnoktv.hu\/index.php?rest_route=\/wp\/v2\/posts\/30096"}],"collection":[{"href":"http:\/\/archiv.szolnoktv.hu\/index.php?rest_route=\/wp\/v2\/posts"}],"about":[{"href":"http:\/\/archiv.szolnoktv.hu\/index.php?rest_route=\/wp\/v2\/types\/post"}],"author":[{"embeddable":true,"href":"http:\/\/archiv.szolnoktv.hu\/index.php?rest_route=\/wp\/v2\/users\/2"}],"replies":[{"embeddable":true,"href":"http:\/\/archiv.szolnoktv.hu\/index.php?rest_route=%2Fwp%2Fv2%2Fcomments&post=30096"}],"version-history":[{"count":1,"href":"http:\/\/archiv.szolnoktv.hu\/index.php?rest_route=\/wp\/v2\/posts\/30096\/revisions"}],"predecessor-version":[{"id":30270,"href":"http:\/\/archiv.szolnoktv.hu\/index.php?rest_route=\/wp\/v2\/posts\/30096\/revisions\/30270"}],"wp:attachment":[{"href":"http:\/\/archiv.szolnoktv.hu\/index.php?rest_route=%2Fwp%2Fv2%2Fmedia&parent=30096"}],"wp:term":[{"taxonomy":"category","embeddable":true,"href":"http:\/\/archiv.szolnoktv.hu\/index.php?rest_route=%2Fwp%2Fv2%2Fcategories&post=30096"},{"taxonomy":"post_tag","embeddable":true,"href":"http:\/\/archiv.szolnoktv.hu\/index.php?rest_route=%2Fwp%2Fv2%2Ftags&post=30096"}],"curies":[{"name":"wp","href":"https:\/\/api.w.org\/{rel}","templated":true}]}}