{"id":30095,"date":"2008-01-18T19:21:42","date_gmt":"2008-01-18T19:21:42","guid":{"rendered":"http:\/\/archiv.szolnoktv.hu\/?p=30095"},"modified":"2021-11-17T11:05:27","modified_gmt":"2021-11-17T11:05:27","slug":"sztrajkhangulat","status":"publish","type":"post","link":"http:\/\/archiv.szolnoktv.hu\/?p=30095","title":{"rendered":"Sztr\u00e1jkhangulat"},"content":{"rendered":"<div class='booster-block booster-read-block'><\/div><p>El\u00e9gedetlenek a k\u00f6zleked\u00e9si v\u00e1llalatok dolgoz\u00f3i: a mozdonyvezet\u0151k mellett a J\u00e1szkun VOL\u00c1N buszsof\u0151rei is b\u00e9remel\u00e9st k\u00f6vetelnek. H\u00e9tf\u0151n der\u00fcl ki, hogy janu\u00e1r v\u00e9g\u00e9n lesz- e figyelmeztet\u0151 sztr\u00e1jk.<br \/>\nEzzel szeretn\u00e9k el\u00e9rni, hogy munk\u00e1ltat\u00f3ik eleget tegyenek a 6-8 sz\u00e1zal\u00e9kos b\u00e9remel\u00e9si k\u00f6vetel\u00e9s\u00fcknek. Egyel\u0151re csak egyeztet\u0151 t\u00e1rgyal\u00e1sok folynak az esetleges le\u00e1ll\u00e1sr\u00f3l.   &#8220;M\u00e1r 3 \u00e9ve nem kaptunk rendes b\u00e9remel\u00e9st<br \/>\nmivel hogy a j\u00e1rul\u00e9kemel\u00e9sek \u00e9s az egy\u00e9b gazdas\u00e1gi t\u00e9nyez\u0151k elviszik a b\u00e9remel\u00e9s\u00fcnket.&#8221;&#8221;- nyilatkozta szerkeszt\u0151s\u00e9g\u00fcnknek Nov\u00e1k Attila a J\u00e1szkun Vol\u00e1n ZRt. szakszervezeti eln\u00f6ke. B\u00e1r a b\u00e9ren k\u00edv\u00fcli juttat\u00e1saikkal el\u00e9gedettek<br \/>\nteljes\u00edthet\u0151 k\u00f6vetel\u00e9snek tartj\u00e1k<\/p>\n","protected":false},"excerpt":{"rendered":"<p>El\u00e9gedetlenek a k\u00f6zleked\u00e9si v\u00e1llalatok dolgoz\u00f3i: a mozdonyvezet\u0151k mellett a J\u00e1szkun VOL\u00c1N buszsof\u0151rei is b\u00e9remel\u00e9st k\u00f6vetelnek. H\u00e9tf\u0151n der\u00fcl ki, hogy janu\u00e1r v\u00e9g\u00e9n lesz- e figyelmeztet\u0151 sztr\u00e1jk. Ezzel szeretn\u00e9k el\u00e9rni, hogy munk\u00e1ltat\u00f3ik eleget tegyenek a 6-8 sz\u00e1zal\u00e9kos b\u00e9remel\u00e9si k\u00f6vetel\u00e9s\u00fcknek. Egyel\u0151re csak egyeztet\u0151 t\u00e1rgyal\u00e1sok folynak az esetleges le\u00e1ll\u00e1sr\u00f3l. &#8220;M\u00e1r 3 \u00e9ve nem kaptunk rendes b\u00e9remel\u00e9st mivel hogy a [&hellip;]<\/p>\n","protected":false},"author":2,"featured_media":0,"comment_status":"open","ping_status":"open","sticky":false,"template":"","format":"standard","meta":[],"categories":[24],"tags":[],"_links":{"self":[{"href":"http:\/\/archiv.szolnoktv.hu\/index.php?rest_route=\/wp\/v2\/posts\/30095"}],"collection":[{"href":"http:\/\/archiv.szolnoktv.hu\/index.php?rest_route=\/wp\/v2\/posts"}],"about":[{"href":"http:\/\/archiv.szolnoktv.hu\/index.php?rest_route=\/wp\/v2\/types\/post"}],"author":[{"embeddable":true,"href":"http:\/\/archiv.szolnoktv.hu\/index.php?rest_route=\/wp\/v2\/users\/2"}],"replies":[{"embeddable":true,"href":"http:\/\/archiv.szolnoktv.hu\/index.php?rest_route=%2Fwp%2Fv2%2Fcomments&post=30095"}],"version-history":[{"count":1,"href":"http:\/\/archiv.szolnoktv.hu\/index.php?rest_route=\/wp\/v2\/posts\/30095\/revisions"}],"predecessor-version":[{"id":30271,"href":"http:\/\/archiv.szolnoktv.hu\/index.php?rest_route=\/wp\/v2\/posts\/30095\/revisions\/30271"}],"wp:attachment":[{"href":"http:\/\/archiv.szolnoktv.hu\/index.php?rest_route=%2Fwp%2Fv2%2Fmedia&parent=30095"}],"wp:term":[{"taxonomy":"category","embeddable":true,"href":"http:\/\/archiv.szolnoktv.hu\/index.php?rest_route=%2Fwp%2Fv2%2Fcategories&post=30095"},{"taxonomy":"post_tag","embeddable":true,"href":"http:\/\/archiv.szolnoktv.hu\/index.php?rest_route=%2Fwp%2Fv2%2Ftags&post=30095"}],"curies":[{"name":"wp","href":"https:\/\/api.w.org\/{rel}","templated":true}]}}