{"id":30094,"date":"2008-01-17T20:40:31","date_gmt":"2008-01-17T20:40:31","guid":{"rendered":"http:\/\/archiv.szolnoktv.hu\/?p=30094"},"modified":"2021-11-17T11:05:27","modified_gmt":"2021-11-17T11:05:27","slug":"torkos-csutortok-4","status":"publish","type":"post","link":"http:\/\/archiv.szolnoktv.hu\/?p=30094","title":{"rendered":"Torkos cs\u00fct\u00f6rt\u00f6k"},"content":{"rendered":"<div class='booster-block booster-read-block'><\/div><p>A Magyar Turizmus Zrt. id\u00e9n is meghirdette az egyre nagyobb n\u00e9pszer&#251;s\u00e9gnek \u00f6rvend&#245; programj\u00e1t. A vend\u00e9gl\u00e1t\u00f3helyek, \u00e9ttermek jelentkez\u00e9s\u00e9t janu\u00e1r 21-ig v\u00e1rj\u00e1k.<br \/>\nFebru\u00e1r 7-e. Ezt a napot j\u00f3l jegyezz\u00e9k meg az \u00ednyencek, de azok is, akik m\u00e1skor nem igaz\u00e1n tudnak elmenni \u00e9tterembe eb\u00e9delni, vagy vacsor\u00e1zni. A d\u00e1tum nem v\u00e9letlen, febru\u00e1r 7-e ugyanis id\u00e9n a h\u00e9t negyedik napj\u00e1ra esik, ezen a napon lesz \u00fajra torkos cs\u00fct\u00f6rt\u00f6k. A programot el\u0151sz\u00f6r 2006-ban hirdette meg a Magyar Turizmus Zrt. \u00e9s a visszajelz\u00e9sek alapj\u00e1n szinte r\u00f6gt\u00f6n els\u00f6pr\u0151 sikert aratott. Az \u00e9rdekl\u0151d\u00e9st jelzi az is, hogy m\u00edg az els\u0151 \u00e9vben Szolnokon kett\u0151, addig tavaly m\u00e1r \u00f6t vend\u00e9gl\u00e1t\u00f3hely csatlakozott a rendezv\u00e9nyhez. Az akci\u00f3 l\u00e9nyege, hogy ezen a napon az \u00e9ttermek v\u00e1llalj\u00e1k, hogy els\u0151sorban a la carte k\u00edn\u00e1latukb\u00f3l, vagy a saj\u00e1t  maguk \u00e1ltal kidolgozott Torkos Cs\u00fct\u00f6rt\u00f6k men\u00fcsorb\u00f3l 50 sz\u00e1zal\u00e9kos  kedvezm\u00e9nyt biztos\u00edtanak. A vend\u00e9gl\u00e1t\u00f3sok szerint a f\u00e9l\u00e1ras kiszolg\u00e1l\u00e1s hossz\u00fa t\u00e1von megt\u00e9r\u00fcl \u00e9s \u00fagy t\u0171nik, siker\u00fcl &#8211; igaz sokaknak, csak ezen az egy napon &#8211; \u00fajra \u00e1t\u00e9lni a vend\u00e9gl\u0151bej\u00e1r\u00e1s \u00e9lm\u00e9ny\u00e9t. Az \u00e9ttermek a www.menjunkenni.hu honlapon jelentkezhetnek janu\u00e1r 21-ig. Ezt k\u00f6vet\u0151en ugyanitt teszik k\u00f6zz\u00e9 az akci\u00f3ban r\u00e9sztvev\u0151k list\u00e1j\u00e1t v\u00e1rosonk\u00e9nti bont\u00e1sban \u00e9s ABC sorrendben, \u00edgy id\u0151ben foglalhat mag\u00e1nak minden \u00e9rdekl\u0151d\u0151 asztalt &#8211; a kor\u00e1bbi \u00e9vek tapasztalatai alapj\u00e1n ezt bizony nem \u00e1rt bekalkul\u00e1lni.<\/p>\n","protected":false},"excerpt":{"rendered":"<p>A Magyar Turizmus Zrt. id\u00e9n is meghirdette az egyre nagyobb n\u00e9pszer&#251;s\u00e9gnek \u00f6rvend&#245; programj\u00e1t. A vend\u00e9gl\u00e1t\u00f3helyek, \u00e9ttermek jelentkez\u00e9s\u00e9t janu\u00e1r 21-ig v\u00e1rj\u00e1k. Febru\u00e1r 7-e. Ezt a napot j\u00f3l jegyezz\u00e9k meg az \u00ednyencek, de azok is, akik m\u00e1skor nem igaz\u00e1n tudnak elmenni \u00e9tterembe eb\u00e9delni, vagy vacsor\u00e1zni. A d\u00e1tum nem v\u00e9letlen, febru\u00e1r 7-e ugyanis id\u00e9n a h\u00e9t negyedik napj\u00e1ra [&hellip;]<\/p>\n","protected":false},"author":2,"featured_media":0,"comment_status":"open","ping_status":"open","sticky":false,"template":"","format":"standard","meta":[],"categories":[24],"tags":[],"_links":{"self":[{"href":"http:\/\/archiv.szolnoktv.hu\/index.php?rest_route=\/wp\/v2\/posts\/30094"}],"collection":[{"href":"http:\/\/archiv.szolnoktv.hu\/index.php?rest_route=\/wp\/v2\/posts"}],"about":[{"href":"http:\/\/archiv.szolnoktv.hu\/index.php?rest_route=\/wp\/v2\/types\/post"}],"author":[{"embeddable":true,"href":"http:\/\/archiv.szolnoktv.hu\/index.php?rest_route=\/wp\/v2\/users\/2"}],"replies":[{"embeddable":true,"href":"http:\/\/archiv.szolnoktv.hu\/index.php?rest_route=%2Fwp%2Fv2%2Fcomments&post=30094"}],"version-history":[{"count":1,"href":"http:\/\/archiv.szolnoktv.hu\/index.php?rest_route=\/wp\/v2\/posts\/30094\/revisions"}],"predecessor-version":[{"id":30272,"href":"http:\/\/archiv.szolnoktv.hu\/index.php?rest_route=\/wp\/v2\/posts\/30094\/revisions\/30272"}],"wp:attachment":[{"href":"http:\/\/archiv.szolnoktv.hu\/index.php?rest_route=%2Fwp%2Fv2%2Fmedia&parent=30094"}],"wp:term":[{"taxonomy":"category","embeddable":true,"href":"http:\/\/archiv.szolnoktv.hu\/index.php?rest_route=%2Fwp%2Fv2%2Fcategories&post=30094"},{"taxonomy":"post_tag","embeddable":true,"href":"http:\/\/archiv.szolnoktv.hu\/index.php?rest_route=%2Fwp%2Fv2%2Ftags&post=30094"}],"curies":[{"name":"wp","href":"https:\/\/api.w.org\/{rel}","templated":true}]}}