{"id":30093,"date":"2008-01-17T20:38:25","date_gmt":"2008-01-17T20:38:25","guid":{"rendered":"http:\/\/archiv.szolnoktv.hu\/?p=30093"},"modified":"2021-11-17T11:05:27","modified_gmt":"2021-11-17T11:05:27","slug":"tavaszig-kell-turni","status":"publish","type":"post","link":"http:\/\/archiv.szolnoktv.hu\/?p=30093","title":{"rendered":"Tavaszig kell t\u0171rni"},"content":{"rendered":"<div class='booster-block booster-read-block'><\/div><p>Hatalmas k\u00e1ty\u00fak nehez\u00edtik a k\u00f6zleked\u00e9st Szolnokon t\u00f6bb utc\u00e1ban is. Hibaelh\u00e1r\u00edt\u00e1si munk\u00e1kat folyamatosan v\u00e9geznek a probl\u00e9m\u00e1sabb szakaszokon, ezek azonban csak \u00e1tmenetileg sz\u00fcntetik meg az \u00fathib\u00e1kat. A jelenlegi technik\u00e1k mellett ugyanis a t\u00e9li h\u00f3napok alatt nem lehet burkolatfel\u00faj\u00edt\u00e1sba kezdeni.<br \/>\nK\u00e1ty\u00fa az Arany J\u00e1nos &#8230;a Szigligeti, &#8230;a Magyar utc\u00e1ban. Ez az a h\u00e1rom utca, melynek \u00e1llapot\u00e1ra a legt\u00f6bbet panaszkodnak az aut\u00f3sok, \u00e9s ez az a h\u00e1rom utca mely a legink\u00e1bb megs\u00ednylette a Kossuth t\u00e9r \u00e1t\u00e9p\u00edt\u00e9s\u00e9t, pontosabban a megv\u00e1ltozott forgalmi rendet. Ezenk\u00edv\u00fcl sz\u00e1mtalan ponton tal\u00e1lkozhatunk hasonl\u00f3 \u00fathib\u00e1val A k\u00e1ty\u00fa elh\u00e1r\u00edt\u00e1ssal legal\u00e1bb m\u00e1rciusig v\u00e1rni kell, az \u00f6nkorm\u00e1nyzat addig is az aut\u00f3sok t\u00fcrelm\u00e9t k\u00e9ri. Annyi m\u00e1r biztos: a legprobl\u00e9m\u00e1sabbat, a Szigligeti utc\u00e1t tavasszal teljesen fel\u00faj\u00edtj\u00e1k. A k\u00f6z\u00fath\u00e1l\u00f3zat rendbet\u00e9tel\u00e9re  200 milli\u00f3 forintot k\u00fcl\u00f6n\u00edtett el az \u00f6nkorm\u00e1nyzat. Arr\u00f3l azonban hogy ebb\u0151l mely utc\u00e1kat \u00faj\u00edtj\u00e1k fel id\u00e9n, csak a k\u00e9s\u0151bbiekben d\u00f6ntenek.<\/p>\n","protected":false},"excerpt":{"rendered":"<p>Hatalmas k\u00e1ty\u00fak nehez\u00edtik a k\u00f6zleked\u00e9st Szolnokon t\u00f6bb utc\u00e1ban is. Hibaelh\u00e1r\u00edt\u00e1si munk\u00e1kat folyamatosan v\u00e9geznek a probl\u00e9m\u00e1sabb szakaszokon, ezek azonban csak \u00e1tmenetileg sz\u00fcntetik meg az \u00fathib\u00e1kat. A jelenlegi technik\u00e1k mellett ugyanis a t\u00e9li h\u00f3napok alatt nem lehet burkolatfel\u00faj\u00edt\u00e1sba kezdeni. K\u00e1ty\u00fa az Arany J\u00e1nos &#8230;a Szigligeti, &#8230;a Magyar utc\u00e1ban. Ez az a h\u00e1rom utca, melynek \u00e1llapot\u00e1ra a legt\u00f6bbet [&hellip;]<\/p>\n","protected":false},"author":2,"featured_media":0,"comment_status":"open","ping_status":"open","sticky":false,"template":"","format":"standard","meta":[],"categories":[24],"tags":[],"_links":{"self":[{"href":"http:\/\/archiv.szolnoktv.hu\/index.php?rest_route=\/wp\/v2\/posts\/30093"}],"collection":[{"href":"http:\/\/archiv.szolnoktv.hu\/index.php?rest_route=\/wp\/v2\/posts"}],"about":[{"href":"http:\/\/archiv.szolnoktv.hu\/index.php?rest_route=\/wp\/v2\/types\/post"}],"author":[{"embeddable":true,"href":"http:\/\/archiv.szolnoktv.hu\/index.php?rest_route=\/wp\/v2\/users\/2"}],"replies":[{"embeddable":true,"href":"http:\/\/archiv.szolnoktv.hu\/index.php?rest_route=%2Fwp%2Fv2%2Fcomments&post=30093"}],"version-history":[{"count":1,"href":"http:\/\/archiv.szolnoktv.hu\/index.php?rest_route=\/wp\/v2\/posts\/30093\/revisions"}],"predecessor-version":[{"id":30273,"href":"http:\/\/archiv.szolnoktv.hu\/index.php?rest_route=\/wp\/v2\/posts\/30093\/revisions\/30273"}],"wp:attachment":[{"href":"http:\/\/archiv.szolnoktv.hu\/index.php?rest_route=%2Fwp%2Fv2%2Fmedia&parent=30093"}],"wp:term":[{"taxonomy":"category","embeddable":true,"href":"http:\/\/archiv.szolnoktv.hu\/index.php?rest_route=%2Fwp%2Fv2%2Fcategories&post=30093"},{"taxonomy":"post_tag","embeddable":true,"href":"http:\/\/archiv.szolnoktv.hu\/index.php?rest_route=%2Fwp%2Fv2%2Ftags&post=30093"}],"curies":[{"name":"wp","href":"https:\/\/api.w.org\/{rel}","templated":true}]}}