{"id":30091,"date":"2008-01-17T20:33:13","date_gmt":"2008-01-17T20:33:13","guid":{"rendered":"http:\/\/archiv.szolnoktv.hu\/?p=30091"},"modified":"2021-11-17T11:05:27","modified_gmt":"2021-11-17T11:05:27","slug":"fogynak-a-tombok-de-van-utanpotlas","status":"publish","type":"post","link":"http:\/\/archiv.szolnoktv.hu\/?p=30091","title":{"rendered":"Fogynak a t\u00f6mb\u00f6k, de van ut\u00e1np\u00f3tl\u00e1s"},"content":{"rendered":"<div class='booster-block booster-read-block'><\/div><p>Az \u00e9v elej\u00e9n a nagykereskedelmi c\u00e9gek lelt\u00e1roztak, emiatt szinte majdnem minden nyomtatv\u00e1nyboltban hi\u00e1nycikknek sz\u00e1m\u00edtott a sz\u00e1mlat\u00f6mb. Ezeket m\u00e1ra p\u00f3tolt\u00e1k, s&#245;t a megn\u00f6vekedett kereslet miatt az els&#245; k\u00e9t h\u00e9tben annyit adtak el a boltok, mint m\u00e1skor negyed \u00e9v alatt.<br \/>\nA legt\u00f6bb nyomtatv\u00e1ny boltban m\u00e1r nincs hi\u00e1ny a sz\u00e1mla- \u00e9s nyugta t\u00f6mb\u00f6kb&#245;l. B\u00e1r az \u00e9v els&#245; napjaiban a kereslet miatt nagyon sok helyen nem lehetett kapni, m\u00e1ra m\u00e1r felt\u00f6lt\u00f6tt\u00e9k a k\u00e9szleteket. Nem kellett volna azonban mindenkinek \u00faj sz\u00e1mlat\u00f6mb\u00f6t v\u00e1s\u00e1rolnia. 2007 m\u00e1sodik f\u00e9l\u00e9v\u00e9ben ugyanis m\u00e1r csak az APEH \u00e1ltal enged\u00e9lyezett sorsz\u00e1mokkal ker\u00fclhettek forgalomba a nyugt\u00e1k. A v\u00e1ltoz\u00e1sr\u00f3l viszont a legt\u00f6bben szinte csak az utols\u00f3 pillanatban \u00e9rtes\u00fcltek \u00e9s majdnem kifutottak az id&#245;b&#245;l. Janu\u00e1r elsej\u00e9t&#245;l m\u00e1r csak azok a sz\u00e1ml\u00e1k \u00e9s nyugt\u00e1k \u00e9rv\u00e9nyesek, amiknek az APEH enged\u00e9lyezte a sorsz\u00e1m\u00e1t. A hirtelen megn&#245;tt ig\u00e9nyt azonban sok helyen nem tudt\u00e1k megfelel&#245;en kiel\u00e9g\u00edteni, mert a nagykeresked&#245;k az \u00e9v elej\u00e9n lelt\u00e1roz\u00e1s miatt z\u00e1rva voltak. M\u00e1s boltokban viszont el&#245;fordult, hogy napokig nem volt k\u00e9szlet\u00fck. Az \u00e9v els&#245; k\u00e9t het\u00e9ben annyi sz\u00e1mla- \u00e9s nyugtat\u00f6mb\u00f6t adtak el a pap\u00edr, \u00edr\u00f3szer \u00e9s nyomtatv\u00e1nyboltok, mint m\u00e1skor 3-6 h\u00f3nap alatt.<\/p>\n","protected":false},"excerpt":{"rendered":"<p>Az \u00e9v elej\u00e9n a nagykereskedelmi c\u00e9gek lelt\u00e1roztak, emiatt szinte majdnem minden nyomtatv\u00e1nyboltban hi\u00e1nycikknek sz\u00e1m\u00edtott a sz\u00e1mlat\u00f6mb. Ezeket m\u00e1ra p\u00f3tolt\u00e1k, s&#245;t a megn\u00f6vekedett kereslet miatt az els&#245; k\u00e9t h\u00e9tben annyit adtak el a boltok, mint m\u00e1skor negyed \u00e9v alatt. A legt\u00f6bb nyomtatv\u00e1ny boltban m\u00e1r nincs hi\u00e1ny a sz\u00e1mla- \u00e9s nyugta t\u00f6mb\u00f6kb&#245;l. B\u00e1r az \u00e9v els&#245; napjaiban [&hellip;]<\/p>\n","protected":false},"author":2,"featured_media":0,"comment_status":"open","ping_status":"open","sticky":false,"template":"","format":"standard","meta":[],"categories":[24],"tags":[],"_links":{"self":[{"href":"http:\/\/archiv.szolnoktv.hu\/index.php?rest_route=\/wp\/v2\/posts\/30091"}],"collection":[{"href":"http:\/\/archiv.szolnoktv.hu\/index.php?rest_route=\/wp\/v2\/posts"}],"about":[{"href":"http:\/\/archiv.szolnoktv.hu\/index.php?rest_route=\/wp\/v2\/types\/post"}],"author":[{"embeddable":true,"href":"http:\/\/archiv.szolnoktv.hu\/index.php?rest_route=\/wp\/v2\/users\/2"}],"replies":[{"embeddable":true,"href":"http:\/\/archiv.szolnoktv.hu\/index.php?rest_route=%2Fwp%2Fv2%2Fcomments&post=30091"}],"version-history":[{"count":1,"href":"http:\/\/archiv.szolnoktv.hu\/index.php?rest_route=\/wp\/v2\/posts\/30091\/revisions"}],"predecessor-version":[{"id":30275,"href":"http:\/\/archiv.szolnoktv.hu\/index.php?rest_route=\/wp\/v2\/posts\/30091\/revisions\/30275"}],"wp:attachment":[{"href":"http:\/\/archiv.szolnoktv.hu\/index.php?rest_route=%2Fwp%2Fv2%2Fmedia&parent=30091"}],"wp:term":[{"taxonomy":"category","embeddable":true,"href":"http:\/\/archiv.szolnoktv.hu\/index.php?rest_route=%2Fwp%2Fv2%2Fcategories&post=30091"},{"taxonomy":"post_tag","embeddable":true,"href":"http:\/\/archiv.szolnoktv.hu\/index.php?rest_route=%2Fwp%2Fv2%2Ftags&post=30091"}],"curies":[{"name":"wp","href":"https:\/\/api.w.org\/{rel}","templated":true}]}}