{"id":30090,"date":"2008-01-17T20:29:33","date_gmt":"2008-01-17T20:29:33","guid":{"rendered":"http:\/\/archiv.szolnoktv.hu\/?p=30090"},"modified":"2021-11-17T11:05:27","modified_gmt":"2021-11-17T11:05:27","slug":"forrasatcsoportositas","status":"publish","type":"post","link":"http:\/\/archiv.szolnoktv.hu\/?p=30090","title":{"rendered":"Forr\u00e1s\u00e1tcsoportos\u00edt\u00e1s?"},"content":{"rendered":"<div class='booster-block booster-read-block'><\/div><p>Munkahelyteremt\u00e9s, infrastrukt\u00fara fejleszt\u00e9s. Megy\u00e9nkben ezekre sz\u00e1m\u00edthatunk a k\u00f6vetkez\u0151 \u00e9vben, legal\u00e1bbis K\u00f3ka J\u00e1nos, az SZDSZ eln\u00f6ke szerint. A volt gazdas\u00e1gi miniszter \u00edg\u00e9rete alapj\u00e1n, a forr\u00e1sokat 2008-ban \u00e1tcsoportos\u00edtj\u00e1k a fejlettebb r\u00e9gi\u00f3kt\u00f3l, a kev\u00e9sb\u00e9 fejlett r\u00e9gi\u00f3k fel\u00e9.<br \/>\nAz SZDSZ 2008-ban a n\u00f6veked\u00e9s politik\u00e1j\u00e1t szeretn\u00e9 megalapozni, ehhez pedig minden ter\u00fcleten, ahol reformokat v\u00e9gez a korm\u00e1ny, liber\u00e1lis fordulatra van sz\u00fcks\u00e9g. Az eredm\u00e9nyek el\u00e9r\u00e9s\u00e9hez azonban a p\u00e1rtoknak k\u00f6zel\u00edteni\u00fck kell egym\u00e1shoz. Az SZDSZ eln\u00f6ke szerint t\u00e9rs\u00e9g\u00fcnk komoly fejleszt\u00e9sek el\u00e9be n\u00e9z, hiszen a korm\u00e1nyzat azon dolgozik, hogy a forr\u00e1sokat \u00e1tcsoportos\u00edtsa a fejlettebbt\u0151l az elmaradott r\u00e9gi\u00f3k fel\u00e9. Ez\u00e1ltal a befektet\u0151k itt kezdik el beruh\u00e1z\u00e1saikat, amelyek  \u00faj munkahelyeket jelentenek majd. Az SZDSZ eln\u00f6ke szerint kiemelt fontoss\u00e1g\u00fa az M4-es aut\u00f3p\u00e1lya, vagy aut\u00f3\u00fat gyorsforgalmi \u00fat kialak\u00edt\u00e1sa, a Szolnok a Tisza f\u0151v\u00e1rosa projekt t\u00e1mogat\u00e1sa, a 46-os \u00fat fel\u00faj\u00edt\u00e1sa, s \u00e1ltal\u00e1ban munkahelyteremt\u00e9s, hogy a megye ipari parkjai megtelhessenek \u00faj beruh\u00e1z\u00e1sokkal. A volt gazdas\u00e1gi miniszter szerint az \u00faj \u00e9v h\u00e1rom legfontosabb fejleszt\u00e9si ter\u00fclete az eg\u00e9szs\u00e9g\u00fcgy, az oktat\u00e1s \u00e9s az ad\u00f3rendszer \u00e1talak\u00edt\u00e1sa. A n\u00e9pszavaz\u00e1si kezdem\u00e9nyez\u00e9ssel kapcsolatban pedig az SZDSZ saj\u00e1t kamp\u00e1ny\u00e1ban igyekszik elmagyar\u00e1zni az embereknek, mi\u00e9rt van sz\u00fcks\u00e9g az eg\u00e9szs\u00e9g\u00fcgy \u00e9s a fels\u0151oktat\u00e1s reformj\u00e1ra, \u00edgy a tand\u00edjra, a k\u00f3rh\u00e1zi napid\u00edjra \u00e9s a vizitd\u00edjra.<\/p>\n","protected":false},"excerpt":{"rendered":"<p>Munkahelyteremt\u00e9s, infrastrukt\u00fara fejleszt\u00e9s. Megy\u00e9nkben ezekre sz\u00e1m\u00edthatunk a k\u00f6vetkez\u0151 \u00e9vben, legal\u00e1bbis K\u00f3ka J\u00e1nos, az SZDSZ eln\u00f6ke szerint. A volt gazdas\u00e1gi miniszter \u00edg\u00e9rete alapj\u00e1n, a forr\u00e1sokat 2008-ban \u00e1tcsoportos\u00edtj\u00e1k a fejlettebb r\u00e9gi\u00f3kt\u00f3l, a kev\u00e9sb\u00e9 fejlett r\u00e9gi\u00f3k fel\u00e9. Az SZDSZ 2008-ban a n\u00f6veked\u00e9s politik\u00e1j\u00e1t szeretn\u00e9 megalapozni, ehhez pedig minden ter\u00fcleten, ahol reformokat v\u00e9gez a korm\u00e1ny, liber\u00e1lis fordulatra van sz\u00fcks\u00e9g. [&hellip;]<\/p>\n","protected":false},"author":2,"featured_media":0,"comment_status":"open","ping_status":"open","sticky":false,"template":"","format":"standard","meta":[],"categories":[24],"tags":[],"_links":{"self":[{"href":"http:\/\/archiv.szolnoktv.hu\/index.php?rest_route=\/wp\/v2\/posts\/30090"}],"collection":[{"href":"http:\/\/archiv.szolnoktv.hu\/index.php?rest_route=\/wp\/v2\/posts"}],"about":[{"href":"http:\/\/archiv.szolnoktv.hu\/index.php?rest_route=\/wp\/v2\/types\/post"}],"author":[{"embeddable":true,"href":"http:\/\/archiv.szolnoktv.hu\/index.php?rest_route=\/wp\/v2\/users\/2"}],"replies":[{"embeddable":true,"href":"http:\/\/archiv.szolnoktv.hu\/index.php?rest_route=%2Fwp%2Fv2%2Fcomments&post=30090"}],"version-history":[{"count":1,"href":"http:\/\/archiv.szolnoktv.hu\/index.php?rest_route=\/wp\/v2\/posts\/30090\/revisions"}],"predecessor-version":[{"id":30276,"href":"http:\/\/archiv.szolnoktv.hu\/index.php?rest_route=\/wp\/v2\/posts\/30090\/revisions\/30276"}],"wp:attachment":[{"href":"http:\/\/archiv.szolnoktv.hu\/index.php?rest_route=%2Fwp%2Fv2%2Fmedia&parent=30090"}],"wp:term":[{"taxonomy":"category","embeddable":true,"href":"http:\/\/archiv.szolnoktv.hu\/index.php?rest_route=%2Fwp%2Fv2%2Fcategories&post=30090"},{"taxonomy":"post_tag","embeddable":true,"href":"http:\/\/archiv.szolnoktv.hu\/index.php?rest_route=%2Fwp%2Fv2%2Ftags&post=30090"}],"curies":[{"name":"wp","href":"https:\/\/api.w.org\/{rel}","templated":true}]}}