{"id":30089,"date":"2008-01-17T20:28:04","date_gmt":"2008-01-17T20:28:04","guid":{"rendered":"http:\/\/archiv.szolnoktv.hu\/?p=30089"},"modified":"2021-11-17T11:05:27","modified_gmt":"2021-11-17T11:05:27","slug":"nehez-ev-utan","status":"publish","type":"post","link":"http:\/\/archiv.szolnoktv.hu\/?p=30089","title":{"rendered":"Neh\u00e9z \u00e9v ut\u00e1n"},"content":{"rendered":"<div class='booster-block booster-read-block'><\/div><p>S\u00falyos ad\u00f3ss\u00e1ggal kezdte az elm\u00falt esztend\u0151t a megyei \u00f6nkorm\u00e1nyzat tavaly \u00e9s az id\u00e9n sem sz\u00e1m\u00edtanak nagy szenz\u00e1ci\u00f3kra. R\u00f6viden \u00edgy foglalhatjuk \u00f6ssze J\u00e1sz-Nagykun-Szolnok megye vezet\u0151inek szok\u00e1sos \u00e9vi, Hozam Klubbeli rendezv\u00e9ny\u00e9n a mondand\u00f3 l\u00e9nyeg\u00e9t.<br \/>\nV\u00e1llalkoz\u00f3k, int\u00e9zm\u00e9nyvezet\u0151k, k\u00f6z\u00e9leti emberek v\u00e1rt\u00e1k a Fej\u00e9r Andor vezette megyei vezet\u0151ket a Hozam Klub szok\u00e1sos \u00e9veleji rendezv\u00e9ny\u00e9n. K\u00e9tezerhetet \u00fagy nyitott\u00e1k, hogy v\u00e9lhet\u0151en egymilli\u00e1rdosn\u00e1l is t\u00f6bb hi\u00e1ny lesz a megye kassz\u00e1j\u00e1ban. Nem \u00edgy t\u00f6rt\u00e9nt. A 340 milli\u00f3s hi\u00e1nyb\u00f3l k\u00e9tsz\u00e1zmilli\u00f3t az el\u0151z\u0151 szocialista vezet\u00e9st\u0151l \u00f6r\u00f6k\u00f6ltek a mai konzervat\u00edv-polg\u00e1ri \u00e9rzelm\u0171 ir\u00e1ny\u00edt\u00f3k &#8211; mondta Fej\u00e9r Andor. A jelenlegi korm\u00e1ny ezt m\u00e9g forr\u00e1selvon\u00e1ssal is tet\u00e9zte, sz\u00f3val volt gond b\u0151ven. \u00d6sszevontak int\u00e9zm\u00e9nyek, ahol lehetett, ott sz\u0171k\u00edtett\u00e9k a l\u00e9tsz\u00e1mot, \u00e9sszer\u0171s\u00edtettek. Ez a k\u00f6zelm\u00falt. \u00c9s a j\u00f6v\u0151? F\u00f6l kell \u00faj\u00edtani a megyei Het\u00e9nyi K\u00f3rh\u00e1z h\u00e9temeletes sz\u00e1rny\u00e1t, a kunhegyesi gimn\u00e1ziumot, a homoki otthont \u00e9s az \u00fajsz\u00e1szi szenved\u00e9lybeteg int\u00e9zet is seg\u00edts\u00e9gre v\u00e1r. A megold\u00e1s sokf\u00e9le lehet: saj\u00e1t er\u0151, p\u00e1ly\u00e1zati p\u00e9nzek, amihez persze szint\u00e9n kell a megyei kassza sok forintja. Nem lesz k\u00f6nny\u0171 &#8211; mondta a megyei eln\u00f6k, Fej\u00e9r Andor. N\u00f6veli a megold\u00e1sok siker\u00e9t a n\u00e9gymilli\u00e1rdos k\u00f6tv\u00e9ny, ami a sz\u00fcks\u00e9ges p\u00e1ly\u00e1zati \u00f6ner\u0151 \u00e9s a saj\u00e1t beruh\u00e1z\u00e1s k\u00f6lts\u00e9geit hivatott fedezni.<\/p>\n","protected":false},"excerpt":{"rendered":"<p>S\u00falyos ad\u00f3ss\u00e1ggal kezdte az elm\u00falt esztend\u0151t a megyei \u00f6nkorm\u00e1nyzat tavaly \u00e9s az id\u00e9n sem sz\u00e1m\u00edtanak nagy szenz\u00e1ci\u00f3kra. R\u00f6viden \u00edgy foglalhatjuk \u00f6ssze J\u00e1sz-Nagykun-Szolnok megye vezet\u0151inek szok\u00e1sos \u00e9vi, Hozam Klubbeli rendezv\u00e9ny\u00e9n a mondand\u00f3 l\u00e9nyeg\u00e9t. V\u00e1llalkoz\u00f3k, int\u00e9zm\u00e9nyvezet\u0151k, k\u00f6z\u00e9leti emberek v\u00e1rt\u00e1k a Fej\u00e9r Andor vezette megyei vezet\u0151ket a Hozam Klub szok\u00e1sos \u00e9veleji rendezv\u00e9ny\u00e9n. K\u00e9tezerhetet \u00fagy nyitott\u00e1k, hogy v\u00e9lhet\u0151en egymilli\u00e1rdosn\u00e1l [&hellip;]<\/p>\n","protected":false},"author":2,"featured_media":0,"comment_status":"open","ping_status":"open","sticky":false,"template":"","format":"standard","meta":[],"categories":[24],"tags":[],"_links":{"self":[{"href":"http:\/\/archiv.szolnoktv.hu\/index.php?rest_route=\/wp\/v2\/posts\/30089"}],"collection":[{"href":"http:\/\/archiv.szolnoktv.hu\/index.php?rest_route=\/wp\/v2\/posts"}],"about":[{"href":"http:\/\/archiv.szolnoktv.hu\/index.php?rest_route=\/wp\/v2\/types\/post"}],"author":[{"embeddable":true,"href":"http:\/\/archiv.szolnoktv.hu\/index.php?rest_route=\/wp\/v2\/users\/2"}],"replies":[{"embeddable":true,"href":"http:\/\/archiv.szolnoktv.hu\/index.php?rest_route=%2Fwp%2Fv2%2Fcomments&post=30089"}],"version-history":[{"count":1,"href":"http:\/\/archiv.szolnoktv.hu\/index.php?rest_route=\/wp\/v2\/posts\/30089\/revisions"}],"predecessor-version":[{"id":30277,"href":"http:\/\/archiv.szolnoktv.hu\/index.php?rest_route=\/wp\/v2\/posts\/30089\/revisions\/30277"}],"wp:attachment":[{"href":"http:\/\/archiv.szolnoktv.hu\/index.php?rest_route=%2Fwp%2Fv2%2Fmedia&parent=30089"}],"wp:term":[{"taxonomy":"category","embeddable":true,"href":"http:\/\/archiv.szolnoktv.hu\/index.php?rest_route=%2Fwp%2Fv2%2Fcategories&post=30089"},{"taxonomy":"post_tag","embeddable":true,"href":"http:\/\/archiv.szolnoktv.hu\/index.php?rest_route=%2Fwp%2Fv2%2Ftags&post=30089"}],"curies":[{"name":"wp","href":"https:\/\/api.w.org\/{rel}","templated":true}]}}