{"id":30088,"date":"2008-01-17T20:22:07","date_gmt":"2008-01-17T20:22:07","guid":{"rendered":"http:\/\/archiv.szolnoktv.hu\/?p=30088"},"modified":"2021-11-17T11:05:28","modified_gmt":"2021-11-17T11:05:28","slug":"penzugyekrol-dontottek","status":"publish","type":"post","link":"http:\/\/archiv.szolnoktv.hu\/?p=30088","title":{"rendered":"P\u00e9nz\u00fcgyekr\u0151l d\u00f6nt\u00f6ttek"},"content":{"rendered":"<div class='booster-block booster-read-block'><\/div><p>Cs\u00f6kkentheti  \u00e9s cs\u00f6kkenti is a bentlak\u00e1sos szoci\u00e1lis int\u00e9zm\u00e9nyek t\u00e9r\u00edt\u00e9si d\u00edj\u00e1t az \u00f6nkorm\u00e1nyzat,\u00e1m a k\u00f6lts\u00e9gek ett\u0151l m\u00e9g v\u00e1ltozatlanok maradnak. 93 ezerr\u0151l 78 ezerre m\u00e9rs\u00e9kl\u0151d\u00f6tt p\u00e9ld\u00e1ul a Liget Otthon lak\u00f3ira kir\u00f3hat\u00f3 \u00f6sszeg,  \u00e1m a k\u00fcl\u00f6nb\u00f6zetet az \u00f6nkorm\u00e1nyzat kassz\u00e1ja \u00e1llja.<br \/>\nA t\u00e9r\u00edt\u00e9si d\u00edjak k\u00f6r\u00fcl tavaly kirobbant botr\u00e1ny egyik hozad\u00e9ka ez, \u00e9s az is v\u00e1ltoz\u00e1s, hogy az ell\u00e1tott k\u00e9szp\u00e9nzvagyon\u00e1ra nem terhelhet\u0151 a d\u00edj. Int\u00e9zm\u00e9nyvezet\u0151k azt \u00e1ll\u00edtj\u00e1k: tov\u00e1bbi m\u00f3dos\u00edt\u00e1sok is v\u00e1rhat\u00f3k. Emelkednek az \u00e9tkez\u00e9si d\u00edjak. Pik\u00e1ns t\u00e9m\u00e1ja volt a bizotts\u00e1gnak az int\u00e9zm\u00e9nyek informatikai fejleszt\u00e9s\u00e9re vonatkoz\u00f3 napirendi pontja,ezt ut\u00f3bb nem is javasolt\u00e1k a k\u00f6zgy\u0171l\u00e9s el\u00e9. A k\u00f6zponti sz\u00e1nd\u00e9k ugyanis t\u00f6bb sebb\u0151l v\u00e9rzik: sz\u00e1m\u00edt\u00f3g\u00e9pekre \u00e9s interakt\u00edv t\u00e1bl\u00e1kra p\u00e1ly\u00e1zhat az \u00f6nkorm\u00e1nyzat, \u00e1m hogy mekkora \u00f6sszegre, azt mindezid\u00e1ig nem tett\u00e9k k\u00f6zz\u00e9. Ha p\u00e1ly\u00e1zik, az \u00f6nkorm\u00e1nyzatnak mind a 23 int\u00e9zm\u00e9ny\u00e9t be kell ebbe vonnia. Csakhogy az \u00f6sszesen t\u00f6bb mint 670  multim\u00e9di\u00e1s computerhez  \u00e9s 200 interakt\u00edv t\u00e1bl\u00e1hoz olyan infrastrukt\u00fara kell, ami 50 milli\u00f3j\u00e1ba ker\u00fclne a fenntart\u00f3nak.<br \/>V\u00e9g\u00fcl: Nagyobb v\u00e1rosokban \u00e9l\u0151 di\u00e1kok sz\u00e1m\u00e1ra is megny\u00edlt az Arany J\u00e1nos tehets\u00e9ggondoz\u00f3 program,egy szolnoki jelentkez\u0151 akadt, aki p\u00e1ly\u00e1zat\u00e1ban ezt \u00edrta: B\u00e1r n\u00e9ha tudok ideges\u00edt\u0151 lenni, az\u00e9rt nincsenek ellens\u00e9geim&#8221;: bizalmat kapott a bizotts\u00e1gt\u00f3l&#8230;.. &#8221;<\/p>\n","protected":false},"excerpt":{"rendered":"<p>Cs\u00f6kkentheti \u00e9s cs\u00f6kkenti is a bentlak\u00e1sos szoci\u00e1lis int\u00e9zm\u00e9nyek t\u00e9r\u00edt\u00e9si d\u00edj\u00e1t az \u00f6nkorm\u00e1nyzat,\u00e1m a k\u00f6lts\u00e9gek ett\u0151l m\u00e9g v\u00e1ltozatlanok maradnak. 93 ezerr\u0151l 78 ezerre m\u00e9rs\u00e9kl\u0151d\u00f6tt p\u00e9ld\u00e1ul a Liget Otthon lak\u00f3ira kir\u00f3hat\u00f3 \u00f6sszeg, \u00e1m a k\u00fcl\u00f6nb\u00f6zetet az \u00f6nkorm\u00e1nyzat kassz\u00e1ja \u00e1llja. A t\u00e9r\u00edt\u00e9si d\u00edjak k\u00f6r\u00fcl tavaly kirobbant botr\u00e1ny egyik hozad\u00e9ka ez, \u00e9s az is v\u00e1ltoz\u00e1s, hogy az ell\u00e1tott k\u00e9szp\u00e9nzvagyon\u00e1ra [&hellip;]<\/p>\n","protected":false},"author":2,"featured_media":0,"comment_status":"open","ping_status":"open","sticky":false,"template":"","format":"standard","meta":[],"categories":[24],"tags":[],"_links":{"self":[{"href":"http:\/\/archiv.szolnoktv.hu\/index.php?rest_route=\/wp\/v2\/posts\/30088"}],"collection":[{"href":"http:\/\/archiv.szolnoktv.hu\/index.php?rest_route=\/wp\/v2\/posts"}],"about":[{"href":"http:\/\/archiv.szolnoktv.hu\/index.php?rest_route=\/wp\/v2\/types\/post"}],"author":[{"embeddable":true,"href":"http:\/\/archiv.szolnoktv.hu\/index.php?rest_route=\/wp\/v2\/users\/2"}],"replies":[{"embeddable":true,"href":"http:\/\/archiv.szolnoktv.hu\/index.php?rest_route=%2Fwp%2Fv2%2Fcomments&post=30088"}],"version-history":[{"count":1,"href":"http:\/\/archiv.szolnoktv.hu\/index.php?rest_route=\/wp\/v2\/posts\/30088\/revisions"}],"predecessor-version":[{"id":30278,"href":"http:\/\/archiv.szolnoktv.hu\/index.php?rest_route=\/wp\/v2\/posts\/30088\/revisions\/30278"}],"wp:attachment":[{"href":"http:\/\/archiv.szolnoktv.hu\/index.php?rest_route=%2Fwp%2Fv2%2Fmedia&parent=30088"}],"wp:term":[{"taxonomy":"category","embeddable":true,"href":"http:\/\/archiv.szolnoktv.hu\/index.php?rest_route=%2Fwp%2Fv2%2Fcategories&post=30088"},{"taxonomy":"post_tag","embeddable":true,"href":"http:\/\/archiv.szolnoktv.hu\/index.php?rest_route=%2Fwp%2Fv2%2Ftags&post=30088"}],"curies":[{"name":"wp","href":"https:\/\/api.w.org\/{rel}","templated":true}]}}