{"id":30087,"date":"2008-01-17T20:17:20","date_gmt":"2008-01-17T20:17:20","guid":{"rendered":"http:\/\/archiv.szolnoktv.hu\/?p=30087"},"modified":"2021-11-17T11:05:28","modified_gmt":"2021-11-17T11:05:28","slug":"keresztbe-tett-a-keresztfelev","status":"publish","type":"post","link":"http:\/\/archiv.szolnoktv.hu\/?p=30087","title":{"rendered":"Keresztbe tett a keresztf\u00e9l\u00e9v"},"content":{"rendered":"<div class='booster-block booster-read-block'><\/div><p>Ponthat\u00e1r m\u00e1r van, a k\u00e9pz\u00e9s azonban nem indul el. A Szolnoki F\u0151iskola keresztf\u00e9l\u00e9ves \u00e9vfolyamaira ugyanis t\u00fal kev\u00e9s jelentkez\u0151 adta be felv\u00e9teli lapj\u00e1t, \u00edgy az int\u00e9zm\u00e9ny vezet\u0151i \u00fagy d\u00f6nt\u00f6ttek, febru\u00e1rban nem ind\u00edtanak \u00fajabb \u00e9vfolyamot.<br \/>\nA fels\u0151oktat\u00e1si t\u00f6rv\u00e9ny szerint a jelentkez\u0151k k\u00e9t felv\u00e9teli elj\u00e1r\u00e1sban ker\u00fclhetnek f\u0151iskol\u00e1ra, vagy egyetemre. Az norm\u00e1l k\u00e9pz\u00e9sben r\u00e9sztvev\u0151k \u0151sszel kezdik meg tanulm\u00e1nyaikat, l\u00e9tezik azonban \u00fagynevezett keresztf\u00e9l\u00e9ves k\u00e9pz\u00e9s is, amely febru\u00e1rban kezd\u0151dik. Az idei \u00e9vben azonban, hi\u00e1ba vannak m\u00e1r meg a keresztf\u00e9l\u00e9ves k\u00e9pz\u00e9s  ponthat\u00e1rai, nem siker\u00fclt senkit sem beiskol\u00e1zni. Ennek az az oka, hogy tavaly decemberben t\u00fal kevesen jelentkeztek a meghirdetett keresztf\u00e9l\u00e9ves k\u00e9pz\u00e9sekre.  R\u00e9gebben nagyobb ar\u00e1nyban jelentkeztek a Szolnoki F\u0151iskola keresztf\u00e9l\u00e9ves k\u00e9pz\u00e9seire, mostan\u00e1ban azonban \u00fagy t\u0171nik a k\u00f6z\u00e9piskol\u00e1sok sz\u00edvesebben kezdenek \u0151sszel a f\u0151iskol\u00e1n, mint febru\u00e1rban.<\/p>\n","protected":false},"excerpt":{"rendered":"<p>Ponthat\u00e1r m\u00e1r van, a k\u00e9pz\u00e9s azonban nem indul el. A Szolnoki F\u0151iskola keresztf\u00e9l\u00e9ves \u00e9vfolyamaira ugyanis t\u00fal kev\u00e9s jelentkez\u0151 adta be felv\u00e9teli lapj\u00e1t, \u00edgy az int\u00e9zm\u00e9ny vezet\u0151i \u00fagy d\u00f6nt\u00f6ttek, febru\u00e1rban nem ind\u00edtanak \u00fajabb \u00e9vfolyamot. A fels\u0151oktat\u00e1si t\u00f6rv\u00e9ny szerint a jelentkez\u0151k k\u00e9t felv\u00e9teli elj\u00e1r\u00e1sban ker\u00fclhetnek f\u0151iskol\u00e1ra, vagy egyetemre. Az norm\u00e1l k\u00e9pz\u00e9sben r\u00e9sztvev\u0151k \u0151sszel kezdik meg tanulm\u00e1nyaikat, l\u00e9tezik [&hellip;]<\/p>\n","protected":false},"author":2,"featured_media":0,"comment_status":"open","ping_status":"open","sticky":false,"template":"","format":"standard","meta":[],"categories":[24],"tags":[],"_links":{"self":[{"href":"http:\/\/archiv.szolnoktv.hu\/index.php?rest_route=\/wp\/v2\/posts\/30087"}],"collection":[{"href":"http:\/\/archiv.szolnoktv.hu\/index.php?rest_route=\/wp\/v2\/posts"}],"about":[{"href":"http:\/\/archiv.szolnoktv.hu\/index.php?rest_route=\/wp\/v2\/types\/post"}],"author":[{"embeddable":true,"href":"http:\/\/archiv.szolnoktv.hu\/index.php?rest_route=\/wp\/v2\/users\/2"}],"replies":[{"embeddable":true,"href":"http:\/\/archiv.szolnoktv.hu\/index.php?rest_route=%2Fwp%2Fv2%2Fcomments&post=30087"}],"version-history":[{"count":1,"href":"http:\/\/archiv.szolnoktv.hu\/index.php?rest_route=\/wp\/v2\/posts\/30087\/revisions"}],"predecessor-version":[{"id":30279,"href":"http:\/\/archiv.szolnoktv.hu\/index.php?rest_route=\/wp\/v2\/posts\/30087\/revisions\/30279"}],"wp:attachment":[{"href":"http:\/\/archiv.szolnoktv.hu\/index.php?rest_route=%2Fwp%2Fv2%2Fmedia&parent=30087"}],"wp:term":[{"taxonomy":"category","embeddable":true,"href":"http:\/\/archiv.szolnoktv.hu\/index.php?rest_route=%2Fwp%2Fv2%2Fcategories&post=30087"},{"taxonomy":"post_tag","embeddable":true,"href":"http:\/\/archiv.szolnoktv.hu\/index.php?rest_route=%2Fwp%2Fv2%2Ftags&post=30087"}],"curies":[{"name":"wp","href":"https:\/\/api.w.org\/{rel}","templated":true}]}}