{"id":30085,"date":"2008-01-16T20:01:21","date_gmt":"2008-01-16T20:01:21","guid":{"rendered":"http:\/\/archiv.szolnoktv.hu\/?p=30085"},"modified":"2021-11-17T11:05:28","modified_gmt":"2021-11-17T11:05:28","slug":"influenza-mar-a-szomszedban","status":"publish","type":"post","link":"http:\/\/archiv.szolnoktv.hu\/?p=30085","title":{"rendered":"Influenza m\u00e1r a szomsz\u00e9dban"},"content":{"rendered":"<div class='booster-block booster-read-block'><\/div><p>B\u00e9k\u00e9sben, B\u00e1cs- Kiskunban \u00e9s Pest megy\u00e9ben m\u00e1r kit\u00f6rt a j\u00e1rv\u00e1ny. A szolnoki rendel&#245;kben majd fel\u00e9vel n&#245;tt a betegforgalom. A j\u00e1rv\u00e1ny k\u00f6zeledt\u00e9vel m\u00e1r nem javasolt a v\u00e9d&#245;olt\u00e1s beadat\u00e1sa. Viszont aki nem oltatta be mag\u00e1t- nem lesz felt\u00e9tlen\u00fcl beteg.<br \/>\nAz influenza elleni v\u00e9d&#245;olt\u00e1st els&#245;sorban gyerekeknek, id&#245;seknek aj\u00e1nlj\u00e1k a h\u00e1ziorvosok- legal\u00e1bb k\u00e9t h\u00f3nappal a j\u00e1rv\u00e1ny v\u00e1rhat\u00f3 kit\u00f6r\u00e9se el&#245;tt. Az olt\u00f3anyagok hat\u00e9konys\u00e1ga 85- 90 %- os, a j\u00e1rv\u00e1ny k\u00f6zeledt\u00e9vel azonban m\u00e1r nem aj\u00e1nlatos beadatni a vakcin\u00e1t. \u00c1m az oltatlans\u00e1g sem jelent okvetlen\u00fcl megbeteged\u00e9st. Doktor Slez\u00e1k S\u00e1ndor szerint teljes v\u00e9detts\u00e9get a maxim\u00e1lis elszigetel&#245;d\u00e9s jelenthet, ez azonban kivitelezhetetlen. Vitamind\u00fas gy\u00fcm\u00f6lcs\u00f6k, z\u00f6lds\u00e9gek fogyaszt\u00e1s\u00e1val azonban jav\u00edthat\u00f3 a szervezet immunrendszere. A t\u00e9v\u00e9kben, \u00fajs\u00e1gokban egyre gyakrabban megjelen&#245; besz\u00e1mol\u00f3k ellen\u00e9re sem kell k\u00e9ts\u00e9gbe esni az influenz\u00e1t\u00f3l. A sok mozg\u00e1s, a friss leveg&#245;, de a gyakori k\u00e9zmos\u00e1s is seg\u00edthet megel&#245;zni a betegs\u00e9get, amely a h\u00e1ziorvos szerint mindenf\u00e9le gy\u00f3gyszer n\u00e9lk\u00fcl kett&#245;- tizenn\u00e9gy nap alatt teljesen kiheverhet&#245;. Mivel J\u00e1sz- Nagykun- Szolnok megye szomsz\u00e9ds\u00e1g\u00e1ban: B\u00e1cs- Kiskunban, B\u00e9k\u00e9sben, Pest megy\u00e9ben m\u00e1r j\u00e1rv\u00e1nyr\u00f3l besz\u00e9lnek, r\u00f6vid id&#245;n bel\u00fcl t\u00e9rs\u00e9g\u00fcnkre is lecsaphat a v\u00edrus. Ak\u00e1r m\u00e1r holnap.<\/p>\n","protected":false},"excerpt":{"rendered":"<p>B\u00e9k\u00e9sben, B\u00e1cs- Kiskunban \u00e9s Pest megy\u00e9ben m\u00e1r kit\u00f6rt a j\u00e1rv\u00e1ny. A szolnoki rendel&#245;kben majd fel\u00e9vel n&#245;tt a betegforgalom. A j\u00e1rv\u00e1ny k\u00f6zeledt\u00e9vel m\u00e1r nem javasolt a v\u00e9d&#245;olt\u00e1s beadat\u00e1sa. Viszont aki nem oltatta be mag\u00e1t- nem lesz felt\u00e9tlen\u00fcl beteg. Az influenza elleni v\u00e9d&#245;olt\u00e1st els&#245;sorban gyerekeknek, id&#245;seknek aj\u00e1nlj\u00e1k a h\u00e1ziorvosok- legal\u00e1bb k\u00e9t h\u00f3nappal a j\u00e1rv\u00e1ny v\u00e1rhat\u00f3 kit\u00f6r\u00e9se el&#245;tt. [&hellip;]<\/p>\n","protected":false},"author":2,"featured_media":0,"comment_status":"open","ping_status":"open","sticky":false,"template":"","format":"standard","meta":[],"categories":[24],"tags":[],"_links":{"self":[{"href":"http:\/\/archiv.szolnoktv.hu\/index.php?rest_route=\/wp\/v2\/posts\/30085"}],"collection":[{"href":"http:\/\/archiv.szolnoktv.hu\/index.php?rest_route=\/wp\/v2\/posts"}],"about":[{"href":"http:\/\/archiv.szolnoktv.hu\/index.php?rest_route=\/wp\/v2\/types\/post"}],"author":[{"embeddable":true,"href":"http:\/\/archiv.szolnoktv.hu\/index.php?rest_route=\/wp\/v2\/users\/2"}],"replies":[{"embeddable":true,"href":"http:\/\/archiv.szolnoktv.hu\/index.php?rest_route=%2Fwp%2Fv2%2Fcomments&post=30085"}],"version-history":[{"count":1,"href":"http:\/\/archiv.szolnoktv.hu\/index.php?rest_route=\/wp\/v2\/posts\/30085\/revisions"}],"predecessor-version":[{"id":30281,"href":"http:\/\/archiv.szolnoktv.hu\/index.php?rest_route=\/wp\/v2\/posts\/30085\/revisions\/30281"}],"wp:attachment":[{"href":"http:\/\/archiv.szolnoktv.hu\/index.php?rest_route=%2Fwp%2Fv2%2Fmedia&parent=30085"}],"wp:term":[{"taxonomy":"category","embeddable":true,"href":"http:\/\/archiv.szolnoktv.hu\/index.php?rest_route=%2Fwp%2Fv2%2Fcategories&post=30085"},{"taxonomy":"post_tag","embeddable":true,"href":"http:\/\/archiv.szolnoktv.hu\/index.php?rest_route=%2Fwp%2Fv2%2Ftags&post=30085"}],"curies":[{"name":"wp","href":"https:\/\/api.w.org\/{rel}","templated":true}]}}