{"id":30084,"date":"2008-01-16T19:53:01","date_gmt":"2008-01-16T19:53:01","guid":{"rendered":"http:\/\/archiv.szolnoktv.hu\/?p=30084"},"modified":"2021-11-17T11:05:28","modified_gmt":"2021-11-17T11:05:28","slug":"antall-jozsef-epuletszarny","status":"publish","type":"post","link":"http:\/\/archiv.szolnoktv.hu\/?p=30084","title":{"rendered":"Antall J\u00f3zsef \u00e9p\u00fcletsz\u00e1rny"},"content":{"rendered":"<div class='booster-block booster-read-block'><\/div><p>A rendszerv\u00e1lt\u00e1s ut\u00e1ni els&#245; magyar minisztereln\u00f6k nev\u00e9t fogja viselni az Eur\u00f3pai Parlament egyik \u00faj, br\u00fcsszeli \u00e9p\u00fcletesz\u00e1rnya. Ezzel els&#245;sorban Antall J\u00f3zsef azon \u00e9rdemeit ismerik el, amelyet a b\u00e9k\u00e9s, magyarorsz\u00e1gi rendszerv\u00e1lt\u00e1sban bet\u00f6lt\u00f6tt.<br \/>\nAz Eur\u00f3pai Parlament Eln\u00f6ks\u00e9ge egyhang\u00fa szavaz\u00e1ssal v\u00e9gleges\u00edtette azt a javaslatot, hogy a br\u00fcsszeli test\u00fclet k\u00e9t \u00faj \u00e9p\u00fcletsz\u00e1rny\u00e1nak egyik\u00e9t a D5-\u00f6s \u00e9p\u00fcletet, a n\u00e9hai magyar minisztereln\u00f6kr&#245;l, Antall J\u00f3zsefr&#245;l nevezz\u00e9k el. Az Orsz\u00e1ggy&#251;l\u00e9s 1990. m\u00e1jus 23.-\u00e1n v\u00e1lasztotta meg minisztereln\u00f6knek. Tisztel&#245;i szerint Antall J\u00f3zsef ezut\u00e1n mindenkin\u00e9l t\u00f6bbet tett a magyar rendszerv\u00e1ltoz\u00e1s\u00e9rt, <br \/>mindezt \u00fagy, hogy \u00e1lland\u00f3 t\u00e1mad\u00e1sok keresztt&#251;z\u00e9ben \u00e1llt \u00e9s az egyre s\u00falyosbod\u00f3 betegs\u00e9g\u00e9vel is meg kellett k\u00fczdenie. \u00c9lete sor\u00e1n a k\u00fclpolitik\u00e1ban egyed\u00fcl\u00e1ll\u00f3 nemzetk\u00f6zi elismerts\u00e9gre tett szert a t\u00e9rs\u00e9gben. Az els&#245; szabadon v\u00e1lasztott magyar parlament minisztereln\u00f6ke, 1993. december 12.-\u00e9n hunyt el. Az \u00e9p\u00fcletsz\u00e1rny elnevez\u00e9s\u00e9nek \u00fcl\u00e9s\u00e9n r\u00e9szt vev&#245; magyar k\u00e9pvisel&#245;k szerint, ezzel nemcsak Antall J\u00f3zsefnek a b\u00e9k\u00e9s magyarorsz\u00e1gi rendszerv\u00e1lt\u00e1sban bet\u00f6lt\u00f6tt szerep\u00e9t \u00e9s eur\u00f3pais\u00e1g\u00e1t ismert\u00e9k el, hanem egyben haz\u00e1nk az Eur\u00f3pai Uni\u00f3 b&#245;v\u00edt\u00e9s\u00e9ben bet\u00f6lt\u00f6tt t\u00f6rt\u00e9nelmi szerep\u00e9t is \u00e9rt\u00e9kelt\u00e9k. Szerint\u00fck az a t\u00e9ny, hogy az \u00faj tagorsz\u00e1gok k\u00f6z\u00fcl els&#245;k\u00e9nt \u00e9s egyed\u00fclik\u00e9nt egy magyar politikusr\u00f3l neveznek el egy EP-\u00e9p\u00fcletet, haz\u00e1nk megbecs\u00fcl\u00e9s\u00e9nek bizony\u00edt\u00e9ka is. A m\u00e1sik \u00faj \u00e9p\u00fclet sz\u00e1rny, az egykori N\u00e9met Sz\u00f6vets\u00e9gi K\u00f6zt\u00e1rsas\u00e1g kancell\u00e1rja, Williy Brandt nev\u00e9t kapta.<\/p>\n","protected":false},"excerpt":{"rendered":"<p>A rendszerv\u00e1lt\u00e1s ut\u00e1ni els&#245; magyar minisztereln\u00f6k nev\u00e9t fogja viselni az Eur\u00f3pai Parlament egyik \u00faj, br\u00fcsszeli \u00e9p\u00fcletesz\u00e1rnya. Ezzel els&#245;sorban Antall J\u00f3zsef azon \u00e9rdemeit ismerik el, amelyet a b\u00e9k\u00e9s, magyarorsz\u00e1gi rendszerv\u00e1lt\u00e1sban bet\u00f6lt\u00f6tt. Az Eur\u00f3pai Parlament Eln\u00f6ks\u00e9ge egyhang\u00fa szavaz\u00e1ssal v\u00e9gleges\u00edtette azt a javaslatot, hogy a br\u00fcsszeli test\u00fclet k\u00e9t \u00faj \u00e9p\u00fcletsz\u00e1rny\u00e1nak egyik\u00e9t a D5-\u00f6s \u00e9p\u00fcletet, a n\u00e9hai magyar minisztereln\u00f6kr&#245;l, [&hellip;]<\/p>\n","protected":false},"author":2,"featured_media":0,"comment_status":"open","ping_status":"open","sticky":false,"template":"","format":"standard","meta":[],"categories":[24],"tags":[],"_links":{"self":[{"href":"http:\/\/archiv.szolnoktv.hu\/index.php?rest_route=\/wp\/v2\/posts\/30084"}],"collection":[{"href":"http:\/\/archiv.szolnoktv.hu\/index.php?rest_route=\/wp\/v2\/posts"}],"about":[{"href":"http:\/\/archiv.szolnoktv.hu\/index.php?rest_route=\/wp\/v2\/types\/post"}],"author":[{"embeddable":true,"href":"http:\/\/archiv.szolnoktv.hu\/index.php?rest_route=\/wp\/v2\/users\/2"}],"replies":[{"embeddable":true,"href":"http:\/\/archiv.szolnoktv.hu\/index.php?rest_route=%2Fwp%2Fv2%2Fcomments&post=30084"}],"version-history":[{"count":1,"href":"http:\/\/archiv.szolnoktv.hu\/index.php?rest_route=\/wp\/v2\/posts\/30084\/revisions"}],"predecessor-version":[{"id":30282,"href":"http:\/\/archiv.szolnoktv.hu\/index.php?rest_route=\/wp\/v2\/posts\/30084\/revisions\/30282"}],"wp:attachment":[{"href":"http:\/\/archiv.szolnoktv.hu\/index.php?rest_route=%2Fwp%2Fv2%2Fmedia&parent=30084"}],"wp:term":[{"taxonomy":"category","embeddable":true,"href":"http:\/\/archiv.szolnoktv.hu\/index.php?rest_route=%2Fwp%2Fv2%2Fcategories&post=30084"},{"taxonomy":"post_tag","embeddable":true,"href":"http:\/\/archiv.szolnoktv.hu\/index.php?rest_route=%2Fwp%2Fv2%2Ftags&post=30084"}],"curies":[{"name":"wp","href":"https:\/\/api.w.org\/{rel}","templated":true}]}}