{"id":30083,"date":"2008-01-16T19:51:35","date_gmt":"2008-01-16T19:51:35","guid":{"rendered":"http:\/\/archiv.szolnoktv.hu\/?p=30083"},"modified":"2021-11-17T11:05:28","modified_gmt":"2021-11-17T11:05:28","slug":"biobaj","status":"publish","type":"post","link":"http:\/\/archiv.szolnoktv.hu\/?p=30083","title":{"rendered":"Biobaj?"},"content":{"rendered":"<div class='booster-block booster-read-block'><\/div><p>M\u00e9gsem term\u00e9szetbar\u00e1t a bio\u00fczemanyag? T\u00f6bb z\u00f6ldszervezet k\u00e9pvisel\u0151je azt k\u00e9ri, hogy az Eur\u00f3pai Bizotts\u00e1g  f\u00fcggessze fel a n\u00f6v\u00e9nyi eredet\u0171 \u00fczemanyagok ar\u00e1ny\u00e1nak n\u00f6vel\u00e9s\u00e9re vonatkoz\u00f3 c\u00e9lkit\u0171z\u00e9seit. Az uni\u00f3 k\u00f6rnyezetv\u00e9delmi biztosa elismerte, hogy a bio\u00fczemanyagok \u00e1ltal okozott k\u00f6rnyezeti \u00e9s t\u00e1rsadalmi probl\u00e9m\u00e1k sokkal s\u00falyosabbak, mint azt kor\u00e1bban gondolt\u00e1k.<br \/>\nTavaly az Eur\u00f3pai Uni\u00f3 korm\u00e1nyf\u0151i meg\u00e1llapodtak abban, hogy 2020-ra legal\u00e1bb 10 sz\u00e1zal\u00e9kra emelik a bio\u00fczemanyagok bekever\u00e9si ar\u00e1ny\u00e1t. A &#8222;sz\u00e1nd\u00e9knyilatkozat&#8221; r\u00e9szleteit az uni\u00f3 most v\u00e9glegesed\u0151 meg\u00fajul\u00f3 energia ir\u00e1nyelve tartalmazza, amelynek tervezete v\u00e1rhat\u00f3an j\u00f6v\u0151 h\u00e9ten jelenik meg. Miut\u00e1n k\u00e9t EU biztos nyilv\u00e1noss\u00e1gra hozta a bio\u00fczemanyagok termel\u00e9s\u00e9nek k\u00f6rnyezetre \u00e9s az emberekre gyakorolt hat\u00e1saival kapcsolatos aggodalmait, t\u00f6bb z\u00f6ldszervezet k\u00e9pvisel\u0151je felsz\u00f3l\u00edtotta az Eur\u00f3pai Bizotts\u00e1got, hogy f\u00fcggessze fel a bio\u00fczemanyagok felhaszn\u00e1l\u00e1s\u00e1nak n\u00f6vel\u00e9s\u00e9re vonatkoz\u00f3 c\u00e9lkit\u0171z\u00e9seit. A z\u00f6ldek azt szeretn\u00e9k el\u00e9rni, hogy a bio\u00fczemanyagok elterjeszt\u00e9se ker\u00fclj\u00f6n ki a jogszab\u00e1ly-tervezetb\u0151l, \u00e9s \u00edgy ne v\u00e1ljon k\u00f6telezetts\u00e9gg\u00e9 a 10 sz\u00e1zal\u00e9kos c\u00e9l el\u00e9r\u00e9se. A term\u00e9szetv\u00e9d\u0151 szervezetek szerint a n\u00f6v\u00e9nyi eredet\u0171 \u00fczemanyagok termel\u00e9se tov\u00e1bb rontja az \u00e9ghajlatv\u00e1ltoz\u00e1s miatti gondokat. Ezeken csak a t\u00f6megk\u00f6zleked\u00e9s fejleszt\u00e9s\u00e9vel,  \u00e9s a v\u00e1rosok energiafelhaszn\u00e1l\u00e1s\u00e1nak cs\u00f6kkent\u00e9s\u00e9vel lehetne seg\u00edteni, valamint az aut\u00f3gy\u00e1rt\u00f3kat r\u00e1 kell k\u00e9nyszer\u00edteni az alacsonyabb fogyaszt\u00e1s\u00fa aut\u00f3k gy\u00e1rt\u00e1s\u00e1ra.<\/p>\n","protected":false},"excerpt":{"rendered":"<p>M\u00e9gsem term\u00e9szetbar\u00e1t a bio\u00fczemanyag? T\u00f6bb z\u00f6ldszervezet k\u00e9pvisel\u0151je azt k\u00e9ri, hogy az Eur\u00f3pai Bizotts\u00e1g f\u00fcggessze fel a n\u00f6v\u00e9nyi eredet\u0171 \u00fczemanyagok ar\u00e1ny\u00e1nak n\u00f6vel\u00e9s\u00e9re vonatkoz\u00f3 c\u00e9lkit\u0171z\u00e9seit. Az uni\u00f3 k\u00f6rnyezetv\u00e9delmi biztosa elismerte, hogy a bio\u00fczemanyagok \u00e1ltal okozott k\u00f6rnyezeti \u00e9s t\u00e1rsadalmi probl\u00e9m\u00e1k sokkal s\u00falyosabbak, mint azt kor\u00e1bban gondolt\u00e1k. Tavaly az Eur\u00f3pai Uni\u00f3 korm\u00e1nyf\u0151i meg\u00e1llapodtak abban, hogy 2020-ra legal\u00e1bb 10 sz\u00e1zal\u00e9kra [&hellip;]<\/p>\n","protected":false},"author":2,"featured_media":0,"comment_status":"open","ping_status":"open","sticky":false,"template":"","format":"standard","meta":[],"categories":[24],"tags":[],"_links":{"self":[{"href":"http:\/\/archiv.szolnoktv.hu\/index.php?rest_route=\/wp\/v2\/posts\/30083"}],"collection":[{"href":"http:\/\/archiv.szolnoktv.hu\/index.php?rest_route=\/wp\/v2\/posts"}],"about":[{"href":"http:\/\/archiv.szolnoktv.hu\/index.php?rest_route=\/wp\/v2\/types\/post"}],"author":[{"embeddable":true,"href":"http:\/\/archiv.szolnoktv.hu\/index.php?rest_route=\/wp\/v2\/users\/2"}],"replies":[{"embeddable":true,"href":"http:\/\/archiv.szolnoktv.hu\/index.php?rest_route=%2Fwp%2Fv2%2Fcomments&post=30083"}],"version-history":[{"count":1,"href":"http:\/\/archiv.szolnoktv.hu\/index.php?rest_route=\/wp\/v2\/posts\/30083\/revisions"}],"predecessor-version":[{"id":30283,"href":"http:\/\/archiv.szolnoktv.hu\/index.php?rest_route=\/wp\/v2\/posts\/30083\/revisions\/30283"}],"wp:attachment":[{"href":"http:\/\/archiv.szolnoktv.hu\/index.php?rest_route=%2Fwp%2Fv2%2Fmedia&parent=30083"}],"wp:term":[{"taxonomy":"category","embeddable":true,"href":"http:\/\/archiv.szolnoktv.hu\/index.php?rest_route=%2Fwp%2Fv2%2Fcategories&post=30083"},{"taxonomy":"post_tag","embeddable":true,"href":"http:\/\/archiv.szolnoktv.hu\/index.php?rest_route=%2Fwp%2Fv2%2Ftags&post=30083"}],"curies":[{"name":"wp","href":"https:\/\/api.w.org\/{rel}","templated":true}]}}