{"id":30082,"date":"2008-01-16T19:50:29","date_gmt":"2008-01-16T19:50:29","guid":{"rendered":"http:\/\/archiv.szolnoktv.hu\/?p=30082"},"modified":"2021-11-17T11:05:28","modified_gmt":"2021-11-17T11:05:28","slug":"ukran-szemet","status":"publish","type":"post","link":"http:\/\/archiv.szolnoktv.hu\/?p=30082","title":{"rendered":"Ukr\u00e1n szem\u00e9t"},"content":{"rendered":"<div class='booster-block booster-read-block'><\/div><p>Tavaly decemberben Ukrajn\u00e1b\u00f3l tekint\u00e9lyes mennyis\u00e9g&#251; hullad\u00e9k \u00faszott le az Ungon kereszt\u00fcl a Tisz\u00e1ra. A v\u00edzfel\u00fclet nagyobb r\u00e9sz\u00e9t szinte teljesen elfedte a sokf\u00e9le, f&#245;k\u00e9nt n\u00f6v\u00e9nyi eredet&#251; hullad\u00e9k. A v\u00edz\u00fcgyi igazgat\u00f3s\u00e1g azonnal megkezdte az uszad\u00e9kf\u00e1k, gallyak \u00e9s a k\u00f6z\u00e9j\u00fck keveredett egy\u00e9b hullad\u00e9k kihal\u00e1sz\u00e1s\u00e1t.<br \/>\nA kisk\u00f6rei v\u00edzl\u00e9pcs&#245;n\u00e9l \u00f6sszetorl\u00f3dott t\u00f6bb tonn\u00e1nyi hullad\u00e9k komoly gondokat okozott. Volt abban kid&#245;lt fa, sokf\u00e9le szervesanyag, kommun\u00e1lis hullad\u00e9k, azaz m&#251;anyag palack, csomagol\u00f3anyag. A munk\u00e1t \u00fasz\u00f3 rakod\u00f3g\u00e9p v\u00e9gezte, nem kev\u00e9s k\u00f6lts\u00e9ggel, amit m\u00e9g a sz\u00e1ll\u00edt\u00e1s \u00e9s a lerak\u00e1s forintjai is tet\u00e9ztek. A k\u00f6rnyezetv\u00e9delmi miniszt\u00e9rium megb\u00edzottja levelet \u00edrt az ukr\u00e1noknak, hiszen a hat\u00e1rv\u00edzi egyezm\u00e9ny alapj\u00e1n a k\u00e1rt annak kell elh\u00e1r\u00edtania, aki okozza. Ha egy \u00e1llam az, akkor annak kell a k\u00f6lts\u00e9geket viselni. Nos, a sz\u00e1m\u00edt\u00e1sok k\u00e9szen vannak, ahogyan a k\u00e1relh\u00e1r\u00edt\u00e1ssal is v\u00e9geztek. A sz\u00e1ml\u00e1n nagyj\u00e1b\u00f3l t\u00edzmilli\u00f3 forint \u00e1ll majd, amit a k\u00f6vetkez&#245; magyar-ukr\u00e1n korm\u00e1nymeghatalmazotti \u00fcl\u00e9sen vitatnak meg.<\/p>\n","protected":false},"excerpt":{"rendered":"<p>Tavaly decemberben Ukrajn\u00e1b\u00f3l tekint\u00e9lyes mennyis\u00e9g&#251; hullad\u00e9k \u00faszott le az Ungon kereszt\u00fcl a Tisz\u00e1ra. A v\u00edzfel\u00fclet nagyobb r\u00e9sz\u00e9t szinte teljesen elfedte a sokf\u00e9le, f&#245;k\u00e9nt n\u00f6v\u00e9nyi eredet&#251; hullad\u00e9k. A v\u00edz\u00fcgyi igazgat\u00f3s\u00e1g azonnal megkezdte az uszad\u00e9kf\u00e1k, gallyak \u00e9s a k\u00f6z\u00e9j\u00fck keveredett egy\u00e9b hullad\u00e9k kihal\u00e1sz\u00e1s\u00e1t. A kisk\u00f6rei v\u00edzl\u00e9pcs&#245;n\u00e9l \u00f6sszetorl\u00f3dott t\u00f6bb tonn\u00e1nyi hullad\u00e9k komoly gondokat okozott. Volt abban kid&#245;lt fa, [&hellip;]<\/p>\n","protected":false},"author":2,"featured_media":0,"comment_status":"open","ping_status":"open","sticky":false,"template":"","format":"standard","meta":[],"categories":[24],"tags":[],"_links":{"self":[{"href":"http:\/\/archiv.szolnoktv.hu\/index.php?rest_route=\/wp\/v2\/posts\/30082"}],"collection":[{"href":"http:\/\/archiv.szolnoktv.hu\/index.php?rest_route=\/wp\/v2\/posts"}],"about":[{"href":"http:\/\/archiv.szolnoktv.hu\/index.php?rest_route=\/wp\/v2\/types\/post"}],"author":[{"embeddable":true,"href":"http:\/\/archiv.szolnoktv.hu\/index.php?rest_route=\/wp\/v2\/users\/2"}],"replies":[{"embeddable":true,"href":"http:\/\/archiv.szolnoktv.hu\/index.php?rest_route=%2Fwp%2Fv2%2Fcomments&post=30082"}],"version-history":[{"count":1,"href":"http:\/\/archiv.szolnoktv.hu\/index.php?rest_route=\/wp\/v2\/posts\/30082\/revisions"}],"predecessor-version":[{"id":30284,"href":"http:\/\/archiv.szolnoktv.hu\/index.php?rest_route=\/wp\/v2\/posts\/30082\/revisions\/30284"}],"wp:attachment":[{"href":"http:\/\/archiv.szolnoktv.hu\/index.php?rest_route=%2Fwp%2Fv2%2Fmedia&parent=30082"}],"wp:term":[{"taxonomy":"category","embeddable":true,"href":"http:\/\/archiv.szolnoktv.hu\/index.php?rest_route=%2Fwp%2Fv2%2Fcategories&post=30082"},{"taxonomy":"post_tag","embeddable":true,"href":"http:\/\/archiv.szolnoktv.hu\/index.php?rest_route=%2Fwp%2Fv2%2Ftags&post=30082"}],"curies":[{"name":"wp","href":"https:\/\/api.w.org\/{rel}","templated":true}]}}