{"id":30081,"date":"2008-01-16T19:48:50","date_gmt":"2008-01-16T19:48:50","guid":{"rendered":"http:\/\/archiv.szolnoktv.hu\/?p=30081"},"modified":"2021-11-17T11:05:28","modified_gmt":"2021-11-17T11:05:28","slug":"katasztrofa-varhato","status":"publish","type":"post","link":"http:\/\/archiv.szolnoktv.hu\/?p=30081","title":{"rendered":"Katasztr\u00f3fa v\u00e1rhat\u00f3"},"content":{"rendered":"<div class='booster-block booster-read-block'><\/div><p>Katasztr\u00f3faelh\u00e1r\u00edt\u00e1s. 9 orsz\u00e1g t\u0171zolt\u00f3i, polg\u00e1ri v\u00e9delmi \u00e9s kutat\u00f3-ment\u0151 csapatai vesznek r\u00e9szt id\u00e9n szeptemberben egy Eur\u00f3pai Uni\u00f3s nemzetk\u00f6zi gyakorlaton. Az esem\u00e9nyek egyik k\u00f6zponti helysz\u00edne Szolnok lesz.<br \/>\n\u00c1rvizet k\u00f6vet\u0151 f\u00f6ldreng\u00e9s s\u00fajtja majd t\u00e9rs\u00e9g\u00fcnket, a term\u00e9szeti katasztr\u00f3f\u00e1k sor\u00e1n ipari \u00e9s k\u00f6zleked\u00e9si balesetek t\u00f6rt\u00e9nnek, \u00e9p\u00fcletek rong\u00e1l\u00f3dnak meg &#8211; szerencs\u00e9re mindezek csak a t\u00f6bbnapos, szimul\u00e1ci\u00f3s gyakorlat miatt k\u00f6vetkeznek be. Tekintettel a helyzet s\u00falyoss\u00e1g\u00e1ra, elker\u00fclhetetlen a nemzetk\u00f6zi seg\u00edts\u00e9g k\u00e9r\u00e9se, a bajba jutott k\u00e9t magyar, k\u00f6zte J\u00e1sz-Nagykun-Szolnok, \u00e9s k\u00e9t rom\u00e1n megye megseg\u00edt\u00e9s\u00e9re tov\u00e1bbi 7 orsz\u00e1gb\u00f3l \u00e9rkeznek t\u0171zolt\u00f3k, kutat\u00f3-ment\u0151 csapatok a saj\u00e1t technikai eszk\u00f6zeikkel. Kiemelked\u0151 szerep jut majd szeptember 22-\u00e9n \u00e9s 23-\u00e1n Szolnoknak, a megyesz\u00e9khelyre mobil k\u00f3rh\u00e1zat \u00e9s iv\u00f3v\u00edztiszt\u00edt\u00f3t is telep\u00edtnek majd. A t\u00f6bb mint 700 embert megmozgat\u00f3 gyakorlat c\u00e9lja tov\u00e1bb\u00e1, hogy mik\u00e9nt tudj\u00e1k ir\u00e1ny\u00edtani a nemzetk\u00f6zi er\u0151ket, a csapatok mennyire sikeresen dolgoznak \u00e9s kommunik\u00e1lnak egym\u00e1ssal. A teljes projekt egy\u00e9bk\u00e9nt m\u00e1sf\u00e9l \u00e9vig tart, megrendez\u00e9s\u00e9re az Orsz\u00e1gos Kataszr\u00f3fav\u00e9delmi F\u0151igazgat\u00f3s\u00e1g p\u00e1ly\u00e1zott. A k\u00f6lts\u00e9gek 660 ezer eur\u00f3ra r\u00fagnak, ebb\u0151l 80-80 ezer eur\u00f3t \u00e1ll a magyar \u00e9s a rom\u00e1n f\u00e9l.<\/p>\n","protected":false},"excerpt":{"rendered":"<p>Katasztr\u00f3faelh\u00e1r\u00edt\u00e1s. 9 orsz\u00e1g t\u0171zolt\u00f3i, polg\u00e1ri v\u00e9delmi \u00e9s kutat\u00f3-ment\u0151 csapatai vesznek r\u00e9szt id\u00e9n szeptemberben egy Eur\u00f3pai Uni\u00f3s nemzetk\u00f6zi gyakorlaton. Az esem\u00e9nyek egyik k\u00f6zponti helysz\u00edne Szolnok lesz. \u00c1rvizet k\u00f6vet\u0151 f\u00f6ldreng\u00e9s s\u00fajtja majd t\u00e9rs\u00e9g\u00fcnket, a term\u00e9szeti katasztr\u00f3f\u00e1k sor\u00e1n ipari \u00e9s k\u00f6zleked\u00e9si balesetek t\u00f6rt\u00e9nnek, \u00e9p\u00fcletek rong\u00e1l\u00f3dnak meg &#8211; szerencs\u00e9re mindezek csak a t\u00f6bbnapos, szimul\u00e1ci\u00f3s gyakorlat miatt k\u00f6vetkeznek be. Tekintettel [&hellip;]<\/p>\n","protected":false},"author":2,"featured_media":0,"comment_status":"open","ping_status":"open","sticky":false,"template":"","format":"standard","meta":[],"categories":[24],"tags":[],"_links":{"self":[{"href":"http:\/\/archiv.szolnoktv.hu\/index.php?rest_route=\/wp\/v2\/posts\/30081"}],"collection":[{"href":"http:\/\/archiv.szolnoktv.hu\/index.php?rest_route=\/wp\/v2\/posts"}],"about":[{"href":"http:\/\/archiv.szolnoktv.hu\/index.php?rest_route=\/wp\/v2\/types\/post"}],"author":[{"embeddable":true,"href":"http:\/\/archiv.szolnoktv.hu\/index.php?rest_route=\/wp\/v2\/users\/2"}],"replies":[{"embeddable":true,"href":"http:\/\/archiv.szolnoktv.hu\/index.php?rest_route=%2Fwp%2Fv2%2Fcomments&post=30081"}],"version-history":[{"count":1,"href":"http:\/\/archiv.szolnoktv.hu\/index.php?rest_route=\/wp\/v2\/posts\/30081\/revisions"}],"predecessor-version":[{"id":30285,"href":"http:\/\/archiv.szolnoktv.hu\/index.php?rest_route=\/wp\/v2\/posts\/30081\/revisions\/30285"}],"wp:attachment":[{"href":"http:\/\/archiv.szolnoktv.hu\/index.php?rest_route=%2Fwp%2Fv2%2Fmedia&parent=30081"}],"wp:term":[{"taxonomy":"category","embeddable":true,"href":"http:\/\/archiv.szolnoktv.hu\/index.php?rest_route=%2Fwp%2Fv2%2Fcategories&post=30081"},{"taxonomy":"post_tag","embeddable":true,"href":"http:\/\/archiv.szolnoktv.hu\/index.php?rest_route=%2Fwp%2Fv2%2Ftags&post=30081"}],"curies":[{"name":"wp","href":"https:\/\/api.w.org\/{rel}","templated":true}]}}