{"id":30080,"date":"2008-01-16T19:47:50","date_gmt":"2008-01-16T19:47:50","guid":{"rendered":"http:\/\/archiv.szolnoktv.hu\/?p=30080"},"modified":"2021-11-17T11:05:28","modified_gmt":"2021-11-17T11:05:28","slug":"silocsere","status":"publish","type":"post","link":"http:\/\/archiv.szolnoktv.hu\/?p=30080","title":{"rendered":"Sil\u00f3csere"},"content":{"rendered":"<div class='booster-block booster-read-block'><\/div><p>\u00daj sil\u00f3kat \u00e1ll\u00edttat a H-Beton. A t\u00e1rsas\u00e1g lecser\u00e9li a 20 \u00e9ves, m\u00e1r korszer\u0171tlen g\u00e9peit. Az \u00faj eszk\u00f6z\u00f6k modernebbek, de t\u00f6bb munk\u00e1t is ig\u00e9nyelnek.<br \/>\nKecskem\u00e9tr\u0151l kellett olyan darut h\u00edvni, ami fel tudja emelni azokat a sil\u00f3kat, amiket a H-Beton Kft. telephely\u00e9n cser\u00e9lnek le. Az els\u0151 daru ugyanis a m\u0171velet k\u00f6zben meghib\u00e1sodott. A t\u00e1rsas\u00e1g az\u00e9rt v\u00e1lik meg mostani eszk\u00f6zeit\u0151l, mert ezek m\u00e1r k\u00e9t \u00e9vtizedesek. A sil\u00f3kat t\u00f6bb darabb\u00f3l szerelt\u00e9k \u00f6ssze, ami miatt a bels\u0151 faluk bep\u00e1r\u00e1sodhat \u00e9s ez a benn\u00fck l\u00e9v\u0151 cement gyorsabb megszil\u00e1rdul\u00e1s\u00e1hoz vezet. Az \u00faj, modern tart\u00e1lyokkal ez nem fordulhat el\u0151. Az \u00f3ri\u00e1s betonkever\u0151 cser\u00e9je 160 milli\u00f3 forintba ker\u00fcl. B\u00e1r szinte az eg\u00e9sz rendszert sz\u00e1m\u00edt\u00f3g\u00e9p vez\u00e9rli majd, a megn\u00f6veked\u0151 teljes\u00edtm\u00e9ny \u00e9s kapacit\u00e1s miatt \u00faj munkahelyeket kell bet\u00f6lteni a c\u00e9gn\u00e9l.<\/p>\n","protected":false},"excerpt":{"rendered":"<p>\u00daj sil\u00f3kat \u00e1ll\u00edttat a H-Beton. A t\u00e1rsas\u00e1g lecser\u00e9li a 20 \u00e9ves, m\u00e1r korszer\u0171tlen g\u00e9peit. Az \u00faj eszk\u00f6z\u00f6k modernebbek, de t\u00f6bb munk\u00e1t is ig\u00e9nyelnek. Kecskem\u00e9tr\u0151l kellett olyan darut h\u00edvni, ami fel tudja emelni azokat a sil\u00f3kat, amiket a H-Beton Kft. telephely\u00e9n cser\u00e9lnek le. Az els\u0151 daru ugyanis a m\u0171velet k\u00f6zben meghib\u00e1sodott. A t\u00e1rsas\u00e1g az\u00e9rt v\u00e1lik meg [&hellip;]<\/p>\n","protected":false},"author":2,"featured_media":0,"comment_status":"open","ping_status":"open","sticky":false,"template":"","format":"standard","meta":[],"categories":[24],"tags":[],"_links":{"self":[{"href":"http:\/\/archiv.szolnoktv.hu\/index.php?rest_route=\/wp\/v2\/posts\/30080"}],"collection":[{"href":"http:\/\/archiv.szolnoktv.hu\/index.php?rest_route=\/wp\/v2\/posts"}],"about":[{"href":"http:\/\/archiv.szolnoktv.hu\/index.php?rest_route=\/wp\/v2\/types\/post"}],"author":[{"embeddable":true,"href":"http:\/\/archiv.szolnoktv.hu\/index.php?rest_route=\/wp\/v2\/users\/2"}],"replies":[{"embeddable":true,"href":"http:\/\/archiv.szolnoktv.hu\/index.php?rest_route=%2Fwp%2Fv2%2Fcomments&post=30080"}],"version-history":[{"count":1,"href":"http:\/\/archiv.szolnoktv.hu\/index.php?rest_route=\/wp\/v2\/posts\/30080\/revisions"}],"predecessor-version":[{"id":30286,"href":"http:\/\/archiv.szolnoktv.hu\/index.php?rest_route=\/wp\/v2\/posts\/30080\/revisions\/30286"}],"wp:attachment":[{"href":"http:\/\/archiv.szolnoktv.hu\/index.php?rest_route=%2Fwp%2Fv2%2Fmedia&parent=30080"}],"wp:term":[{"taxonomy":"category","embeddable":true,"href":"http:\/\/archiv.szolnoktv.hu\/index.php?rest_route=%2Fwp%2Fv2%2Fcategories&post=30080"},{"taxonomy":"post_tag","embeddable":true,"href":"http:\/\/archiv.szolnoktv.hu\/index.php?rest_route=%2Fwp%2Fv2%2Ftags&post=30080"}],"curies":[{"name":"wp","href":"https:\/\/api.w.org\/{rel}","templated":true}]}}