{"id":30079,"date":"2008-01-16T19:44:31","date_gmt":"2008-01-16T19:44:31","guid":{"rendered":"http:\/\/archiv.szolnoktv.hu\/?p=30079"},"modified":"2021-11-17T11:05:29","modified_gmt":"2021-11-17T11:05:29","slug":"a-por-mar-a-multe","status":"publish","type":"post","link":"http:\/\/archiv.szolnoktv.hu\/?p=30079","title":{"rendered":"A por m\u00e1r a m\u00falt\u00e9"},"content":{"rendered":"<div class='booster-block booster-read-block'><\/div><p>\u00dczemfejleszt\u00e9s l\u00e9tsz\u00e1mle\u00e9p\u00edt\u00e9ssel. Bez\u00e1rja porfest\u00e9k gy\u00e1r\u00e1t a Holland Colours Hung\u00e1ria Kft. Helyette azonban egy \u00faj \u00fczemet nyitott meg. Ide nem tudtak minden alkalmazottat \u00e1tvenni. 10 embert\u0151l meg kellett v\u00e1lniuk.<br \/>\nA Holland Colours 1979-ben alakult. Az\u00f3ta eg\u00e9sz Eur\u00f3p\u00e1ban megismert\u00e9k a fest\u00e9kgy\u00e1rt\u00f3 c\u00e9g nev\u00e9t, annak ellen\u00e9re is, hogy csak hat gy\u00e1rt\u00f3\u00fczemmel m\u0171k\u00f6dik. Ezek k\u00f6z\u00fcl az egyik Szolnokon van. A Holland Colours Hung\u00e1ria Kft id\u00e9n \u00fcnnepli 15. sz\u00fclet\u00e9snapj\u00e1t. A c\u00e9g e d\u00e1tummal kapcsolta \u00f6ssze \u00faj pigmentk\u00e9sz\u00edtm\u00e9ny csarnok\u00e1nak megnyit\u00e1s\u00e1t. A majd f\u00e9l milli\u00f3 eur\u00f3\u00e9rt \u00e9p\u00fclt \u00faj l\u00e9tes\u00edtm\u00e9ny k\u00f6zvetlen\u00fcl a r\u00e9gi mellett kapott helyet. A m\u00e1r haszn\u00e1laton k\u00edv\u00fcli \u00fczemet bez\u00e1rt\u00e1k. A porfest\u00e9k gy\u00e1rban 39-en dolgoztak, az \u00faj r\u00e9szleg azonban csak 29 embernek tud munk\u00e1t biztos\u00edtani. A megnyit\u00f3n a t\u00e1rsas\u00e1g teljes vez\u00e9rkara jelen volt, ahol 1500 Eur\u00f3t, 370 ezer forintot adom\u00e1nyoztak a Megyei Gyermekv\u00e9d\u0151 Int\u00e9zet \u00e9s Gyermekotthon r\u00e9sz\u00e9re.<\/p>\n","protected":false},"excerpt":{"rendered":"<p>\u00dczemfejleszt\u00e9s l\u00e9tsz\u00e1mle\u00e9p\u00edt\u00e9ssel. Bez\u00e1rja porfest\u00e9k gy\u00e1r\u00e1t a Holland Colours Hung\u00e1ria Kft. Helyette azonban egy \u00faj \u00fczemet nyitott meg. Ide nem tudtak minden alkalmazottat \u00e1tvenni. 10 embert\u0151l meg kellett v\u00e1lniuk. A Holland Colours 1979-ben alakult. Az\u00f3ta eg\u00e9sz Eur\u00f3p\u00e1ban megismert\u00e9k a fest\u00e9kgy\u00e1rt\u00f3 c\u00e9g nev\u00e9t, annak ellen\u00e9re is, hogy csak hat gy\u00e1rt\u00f3\u00fczemmel m\u0171k\u00f6dik. Ezek k\u00f6z\u00fcl az egyik Szolnokon van. [&hellip;]<\/p>\n","protected":false},"author":2,"featured_media":0,"comment_status":"open","ping_status":"open","sticky":false,"template":"","format":"standard","meta":[],"categories":[24],"tags":[],"_links":{"self":[{"href":"http:\/\/archiv.szolnoktv.hu\/index.php?rest_route=\/wp\/v2\/posts\/30079"}],"collection":[{"href":"http:\/\/archiv.szolnoktv.hu\/index.php?rest_route=\/wp\/v2\/posts"}],"about":[{"href":"http:\/\/archiv.szolnoktv.hu\/index.php?rest_route=\/wp\/v2\/types\/post"}],"author":[{"embeddable":true,"href":"http:\/\/archiv.szolnoktv.hu\/index.php?rest_route=\/wp\/v2\/users\/2"}],"replies":[{"embeddable":true,"href":"http:\/\/archiv.szolnoktv.hu\/index.php?rest_route=%2Fwp%2Fv2%2Fcomments&post=30079"}],"version-history":[{"count":1,"href":"http:\/\/archiv.szolnoktv.hu\/index.php?rest_route=\/wp\/v2\/posts\/30079\/revisions"}],"predecessor-version":[{"id":30287,"href":"http:\/\/archiv.szolnoktv.hu\/index.php?rest_route=\/wp\/v2\/posts\/30079\/revisions\/30287"}],"wp:attachment":[{"href":"http:\/\/archiv.szolnoktv.hu\/index.php?rest_route=%2Fwp%2Fv2%2Fmedia&parent=30079"}],"wp:term":[{"taxonomy":"category","embeddable":true,"href":"http:\/\/archiv.szolnoktv.hu\/index.php?rest_route=%2Fwp%2Fv2%2Fcategories&post=30079"},{"taxonomy":"post_tag","embeddable":true,"href":"http:\/\/archiv.szolnoktv.hu\/index.php?rest_route=%2Fwp%2Fv2%2Ftags&post=30079"}],"curies":[{"name":"wp","href":"https:\/\/api.w.org\/{rel}","templated":true}]}}