{"id":30078,"date":"2008-01-16T19:41:10","date_gmt":"2008-01-16T19:41:10","guid":{"rendered":"http:\/\/archiv.szolnoktv.hu\/?p=30078"},"modified":"2021-11-17T11:05:29","modified_gmt":"2021-11-17T11:05:29","slug":"draga-gyerekek","status":"publish","type":"post","link":"http:\/\/archiv.szolnoktv.hu\/?p=30078","title":{"rendered":"Dr\u00e1ga gyerekek"},"content":{"rendered":"<div class='booster-block booster-read-block'><\/div><p>Dr\u00e1gul a gyermek\u00e9tkeztet\u00e9s. Az Oktat\u00e1si Bizotts\u00e1g \u00e1ltal t\u00e1rgyalt el\u0151terjeszt\u00e9s szerint a sz\u00fcl\u0151knek 5 sz\u00e1zal\u00e9kkal kell t\u00f6bbet fizetni, m\u00edg az \u00f6nkorm\u00e1nyzatot \u00e9rint\u0151 rezsik\u00f6lts\u00e9g 10 sz\u00e1zal\u00e9kkal dr\u00e1gul.<br \/>\nT\u00f6bb t\u00e9nyez\u0151t is figyelembe kellett vennie a polg\u00e1rmesteri hivatal munkat\u00e1rsainak, amikor kisz\u00e1m\u00edtott\u00e1k az idei int\u00e9zm\u00e9nyi t\u00e9r\u00edt\u00e9si, \u00e9tkez\u00e9si d\u00edjakat. Az \u00f6sszeg a sz\u00fcl\u0151k \u00e1ltal fizetend\u0151 nyersanyagnorm\u00e1b\u00f3l \u00e9s az \u00f6nkorm\u00e1nyzat \u00e1ltal finansz\u00edrozott rezsik\u00f6lts\u00e9gb\u0151l tev\u0151dik \u00f6ssze. Az \u00f3vod\u00e1kban az eg\u00e9sz napos ell\u00e1t\u00e1s 336 forint lesz, amelyb\u0151l a sz\u00fcl\u0151 153 forintot fizet. Az \u00e1ltal\u00e1nos iskol\u00e1k eset\u00e9ben 433 forintra n\u0151 a d\u00edj, ebb\u0151l 201 forint h\u00e1rul a sz\u00fcl\u0151kre. A k\u00f6z\u00e9piskol\u00e1kban a menza 312 forintba ker\u00fcl, a sz\u00fcl\u0151ket \u00e9rint\u0151 r\u00e9sz 144 forint, m\u00edg koll\u00e9giumok eset\u00e9ben 644 forint az ell\u00e1t\u00e1s, amihez 300 forintot tesz hozz\u00e1 a sz\u00fcl\u0151 &#8211; t\u00e1j\u00e9koztatott a bizotts\u00e1g eln\u00f6ke. A v\u00e9gs\u0151 d\u00f6nt\u00e9st j\u00f6v\u0151 cs\u00fct\u00f6rt\u00f6ki \u00fcl\u00e9s\u00fck\u00f6n a k\u00e9pvisel\u0151k hozz\u00e1k meg, akik megvitatj\u00e1k a roma integr\u00e1ci\u00f3s program v\u00e9grehajt\u00e1s\u00e1t, egy\u00e1ltal\u00e1n mi teljes\u00fclt az el\u0151re meghat\u00e1rozott feladatokb\u00f3l. Kiemelt figyelmet szentelnek a h\u00e1tr\u00e1nyos helyzet\u0171 r\u00e9tegek \u00e9let- \u00e9s foglalkoztat\u00e1si k\u00f6r\u00fclm\u00e9nyeinek jav\u00edt\u00e1s\u00e1ra, e tekintetben nagyobb el\u0151rel\u00e9p\u00e9s id\u00e9n v\u00e1rhat\u00f3.<\/p>\n","protected":false},"excerpt":{"rendered":"<p>Dr\u00e1gul a gyermek\u00e9tkeztet\u00e9s. Az Oktat\u00e1si Bizotts\u00e1g \u00e1ltal t\u00e1rgyalt el\u0151terjeszt\u00e9s szerint a sz\u00fcl\u0151knek 5 sz\u00e1zal\u00e9kkal kell t\u00f6bbet fizetni, m\u00edg az \u00f6nkorm\u00e1nyzatot \u00e9rint\u0151 rezsik\u00f6lts\u00e9g 10 sz\u00e1zal\u00e9kkal dr\u00e1gul. T\u00f6bb t\u00e9nyez\u0151t is figyelembe kellett vennie a polg\u00e1rmesteri hivatal munkat\u00e1rsainak, amikor kisz\u00e1m\u00edtott\u00e1k az idei int\u00e9zm\u00e9nyi t\u00e9r\u00edt\u00e9si, \u00e9tkez\u00e9si d\u00edjakat. Az \u00f6sszeg a sz\u00fcl\u0151k \u00e1ltal fizetend\u0151 nyersanyagnorm\u00e1b\u00f3l \u00e9s az \u00f6nkorm\u00e1nyzat \u00e1ltal finansz\u00edrozott [&hellip;]<\/p>\n","protected":false},"author":2,"featured_media":0,"comment_status":"open","ping_status":"open","sticky":false,"template":"","format":"standard","meta":[],"categories":[24],"tags":[],"_links":{"self":[{"href":"http:\/\/archiv.szolnoktv.hu\/index.php?rest_route=\/wp\/v2\/posts\/30078"}],"collection":[{"href":"http:\/\/archiv.szolnoktv.hu\/index.php?rest_route=\/wp\/v2\/posts"}],"about":[{"href":"http:\/\/archiv.szolnoktv.hu\/index.php?rest_route=\/wp\/v2\/types\/post"}],"author":[{"embeddable":true,"href":"http:\/\/archiv.szolnoktv.hu\/index.php?rest_route=\/wp\/v2\/users\/2"}],"replies":[{"embeddable":true,"href":"http:\/\/archiv.szolnoktv.hu\/index.php?rest_route=%2Fwp%2Fv2%2Fcomments&post=30078"}],"version-history":[{"count":1,"href":"http:\/\/archiv.szolnoktv.hu\/index.php?rest_route=\/wp\/v2\/posts\/30078\/revisions"}],"predecessor-version":[{"id":30288,"href":"http:\/\/archiv.szolnoktv.hu\/index.php?rest_route=\/wp\/v2\/posts\/30078\/revisions\/30288"}],"wp:attachment":[{"href":"http:\/\/archiv.szolnoktv.hu\/index.php?rest_route=%2Fwp%2Fv2%2Fmedia&parent=30078"}],"wp:term":[{"taxonomy":"category","embeddable":true,"href":"http:\/\/archiv.szolnoktv.hu\/index.php?rest_route=%2Fwp%2Fv2%2Fcategories&post=30078"},{"taxonomy":"post_tag","embeddable":true,"href":"http:\/\/archiv.szolnoktv.hu\/index.php?rest_route=%2Fwp%2Fv2%2Ftags&post=30078"}],"curies":[{"name":"wp","href":"https:\/\/api.w.org\/{rel}","templated":true}]}}