{"id":30077,"date":"2008-01-16T19:33:05","date_gmt":"2008-01-16T19:33:05","guid":{"rendered":"http:\/\/archiv.szolnoktv.hu\/?p=30077"},"modified":"2021-11-17T11:05:29","modified_gmt":"2021-11-17T11:05:29","slug":"a-szolnokiak-komfortjaert","status":"publish","type":"post","link":"http:\/\/archiv.szolnoktv.hu\/?p=30077","title":{"rendered":"A szolnokiak komfortj\u00e1\u00e9rt!<br>"},"content":{"rendered":"<div class='booster-block booster-read-block'><\/div><p>Poldi b\u00e1csik renesz\u00e1nsza. \u00dajra lesznek park\u0151r\u00f6k Szolnokon, akiknek nem csak az a sz\u00e9p z\u00f6ld gyep fog hi\u00e1nyozni. Az \u0151 feladatuk lesz a Tisza park, a Kossuth t\u00e9r tisztas\u00e1g\u00e1nak fel\u00fcgyelete- k\u00f6zter\u00fcletfel\u00fcgyel\u0151kkel, rend\u0151r\u00f6kkel kiseg\u00edtve.<br \/>\nTavaszra teljes eg\u00e9sz\u00e9ben elk\u00e9sz\u00fcl a Kossuth t\u00e9r, a fagyban, gyors \u00fctemben v\u00e9gzett munk\u00e1k min\u0151s\u00e9ge itt- ott er\u0151sen megk\u00e9rd\u0151jelezhet\u0151. A kivitelez\u0151 \u00e9s az alv\u00e1llalkoz\u00f3k tegnap egyeztettek a v\u00e1ros vezet\u00e9s\u00e9vel a garanci\u00e1lis munk\u00e1kr\u00f3l, a t\u00e9r egyik l\u00e1tv\u00e1nyelem\u00e9nek, a v\u00edzfalnak a meg\u00e9p\u00edt\u00e9s\u00e9r\u0151l. A meg\u00fajult Kossuth t\u00e9r egyetlen t\u00e9relem t\u00f6r\u00e9se n\u00e9lk\u00fcl v\u00e9szelte \u00e1t a szilveszteri bulit. Annak \u00e9rdek\u00e9ben, hogy a f\u0151t\u00e9r tov\u00e1bbra is a v\u00e1ros \u00e9p arculata maradjon- az \u00f6nkorm\u00e1nyzat a Sportcentrumot b\u00edzta meg a t\u00e9r m\u0171k\u00f6dtet\u00e9s\u00e9vel- mondta Szalay ferenc polg\u00e1rmester. De park\u0151r\u00f6k is gondozz\u00e1k a teret: sz\u00f6ges bottal szurk\u00e1lj\u00e1k fel a szemetet, r\u00e1sz\u00f3lnak a sz\u00f6k\u0151k\u00fatba pisil\u0151 gyerekekre. A k\u00f6zter\u00fcletfel\u00fcgyel\u0151k pedig szigor\u00faan b\u00fcntetik a szemetel\u0151ket, a kutyagumit elpottyant\u00f3 ebek gazd\u00e1it. De a promen\u00e1d- jelleget er\u0151s\u00edti az \u00faj parkol\u00e1si rend is. Fel\u00e9vel n\u0151 a fizet\u0151s parkol\u00f3helyek sz\u00e1ma, a belv\u00e1rosi- egyes z\u00f3n\u00e1ban- jelent\u0151sen dr\u00e1gul a v\u00e1rakoz\u00e1s. A Kossuth t\u00e9r \u00e1t\u00e9p\u00edt\u00e9se miatt a belv\u00e1rost \u00e9rint\u0151 helyi j\u00e1ratok \u00fatvonala is megv\u00e1ltozott- ennek az itt \u00e9l\u0151 nyugd\u00edjasok nem \u00f6r\u00fclnek. Ugyanis t\u00f6bb sz\u00e1z m\u00e9terrel ker\u00fcltek t\u00e1volabb otthonukt\u00f3l a buszmeg\u00e1ll\u00f3k. A Vol\u00e1n \u00e9s a v\u00e1rosvezet\u00e9s egyezkedik: mik\u00e9nt lehetne a j\u00e1ratok egy r\u00e9sz\u00e9t visszaterelni a t\u00e9rre.<\/p>\n","protected":false},"excerpt":{"rendered":"<p>Poldi b\u00e1csik renesz\u00e1nsza. \u00dajra lesznek park\u0151r\u00f6k Szolnokon, akiknek nem csak az a sz\u00e9p z\u00f6ld gyep fog hi\u00e1nyozni. Az \u0151 feladatuk lesz a Tisza park, a Kossuth t\u00e9r tisztas\u00e1g\u00e1nak fel\u00fcgyelete- k\u00f6zter\u00fcletfel\u00fcgyel\u0151kkel, rend\u0151r\u00f6kkel kiseg\u00edtve. Tavaszra teljes eg\u00e9sz\u00e9ben elk\u00e9sz\u00fcl a Kossuth t\u00e9r, a fagyban, gyors \u00fctemben v\u00e9gzett munk\u00e1k min\u0151s\u00e9ge itt- ott er\u0151sen megk\u00e9rd\u0151jelezhet\u0151. A kivitelez\u0151 \u00e9s az alv\u00e1llalkoz\u00f3k [&hellip;]<\/p>\n","protected":false},"author":2,"featured_media":0,"comment_status":"open","ping_status":"open","sticky":false,"template":"","format":"standard","meta":[],"categories":[24],"tags":[],"_links":{"self":[{"href":"http:\/\/archiv.szolnoktv.hu\/index.php?rest_route=\/wp\/v2\/posts\/30077"}],"collection":[{"href":"http:\/\/archiv.szolnoktv.hu\/index.php?rest_route=\/wp\/v2\/posts"}],"about":[{"href":"http:\/\/archiv.szolnoktv.hu\/index.php?rest_route=\/wp\/v2\/types\/post"}],"author":[{"embeddable":true,"href":"http:\/\/archiv.szolnoktv.hu\/index.php?rest_route=\/wp\/v2\/users\/2"}],"replies":[{"embeddable":true,"href":"http:\/\/archiv.szolnoktv.hu\/index.php?rest_route=%2Fwp%2Fv2%2Fcomments&post=30077"}],"version-history":[{"count":1,"href":"http:\/\/archiv.szolnoktv.hu\/index.php?rest_route=\/wp\/v2\/posts\/30077\/revisions"}],"predecessor-version":[{"id":30289,"href":"http:\/\/archiv.szolnoktv.hu\/index.php?rest_route=\/wp\/v2\/posts\/30077\/revisions\/30289"}],"wp:attachment":[{"href":"http:\/\/archiv.szolnoktv.hu\/index.php?rest_route=%2Fwp%2Fv2%2Fmedia&parent=30077"}],"wp:term":[{"taxonomy":"category","embeddable":true,"href":"http:\/\/archiv.szolnoktv.hu\/index.php?rest_route=%2Fwp%2Fv2%2Fcategories&post=30077"},{"taxonomy":"post_tag","embeddable":true,"href":"http:\/\/archiv.szolnoktv.hu\/index.php?rest_route=%2Fwp%2Fv2%2Ftags&post=30077"}],"curies":[{"name":"wp","href":"https:\/\/api.w.org\/{rel}","templated":true}]}}