{"id":30076,"date":"2008-01-16T19:30:50","date_gmt":"2008-01-16T19:30:50","guid":{"rendered":"http:\/\/archiv.szolnoktv.hu\/?p=30076"},"modified":"2021-11-17T11:05:29","modified_gmt":"2021-11-17T11:05:29","slug":"mertektelenedes","status":"publish","type":"post","link":"http:\/\/archiv.szolnoktv.hu\/?p=30076","title":{"rendered":"(M)\u00e9rt\u00e9ktelened\u00e9s"},"content":{"rendered":"<div class='booster-block booster-read-block'><\/div><p>2007-ben a hazai fogyaszt\u00f3i \u00e1rak nyolc sz\u00e1zal\u00e9kkal, az uni\u00f3n bel\u00fcl kiemelked&#245; m\u00e9rt\u00e9kben n&#245;ttek. A gazdas\u00e1gi megszor\u00edt\u00e1sok eszk\u00f6zek\u00e9nt is alkalmazott infl\u00e1ci\u00f3 megugr\u00e1sa az elemz&#245;k szerint ugyan v\u00e1rhat\u00f3 volt, meglepet\u00e9st csup\u00e1n annak m\u00e9rt\u00e9ke okozott. Ami azt illeti, kevesebbet \u00edg\u00e9rtek.<br \/>\nA tavalyi \u00e9vben az dr\u00e1gult legink\u00e1bb amib\u0151l a legt\u00f6bbet fogyasztunk. A K\u00f6zponti Statisztikai Hivatal szerint, tavaly az energia \u00e9s az \u00e9lelmiszerek \u00e1ra emelkedett a legnagyobb m\u00e9rt\u00e9kben. A t\u00e1vf\u0171t\u00e9s majdnem harmad\u00e1val ker\u00fclt t\u00f6bbe, mint egy \u00e9vvel kor\u00e1bban, a g\u00e1z\u00e9rt csaknem 18, az \u00fczemanyagok\u00e9rt 13 sz\u00e1zal\u00e9kkal kellett t\u00f6bbet fizetn\u00fcnk. Az \u00e9lelmiszerek k\u00f6z\u00fcl a liszt \u00e1ra ment fel legink\u00e1bb, 56 sz\u00e1zal\u00e9kkal. Az \u00e9tolaj 40, a keny\u00e9r 22, a baromfih\u00fas 16 sz\u00e1zal\u00e9kkal dr\u00e1gult. \u00d6sszess\u00e9g\u00e9ben 8 sz\u00e1zal\u00e9kos volt az infl\u00e1ci\u00f3, k\u00e9tszer akkora, mint egy \u00e9vvel kor\u00e1bban, \u00e9s j\u00f3val magasabb, mint ahogy azt a szakemberek v\u00e1rt\u00e1k. A K\u00f6zponti Statisztikai Hivatal adatai szerint, a nyugd\u00edjas fogyaszt\u00f3i kos\u00e1rra sz\u00e1m\u00edtott \u00e9ves \u00e1tlagos \u00e1remelked\u00e9s tavaly 10,7 sz\u00e1zal\u00e9k volt. 2008-ban a kedvez\u0151tlen gabonaterm\u00e9s \u00e1remel\u0151 hat\u00e1sa is tov\u00e1bbgy\u0171r\u0171zik majd a h\u00fas- \u00e9s tejterm\u00e9kek \u00e1raiba, \u00e9s az olaj\u00e1rnyom\u00e1s enyh\u00fcl\u00e9se tekintet\u00e9ben sem lehetnek rem\u00e9nyteljes v\u00e1rakoz\u00e1saink. Az esztend\u0151 eg\u00e9sz\u00e9ben 5,5 sz\u00e1zal\u00e9kos fogyaszt\u00f3i dr\u00e1gul\u00e1s v\u00e1rhat\u00f3.<\/p>\n","protected":false},"excerpt":{"rendered":"<p>2007-ben a hazai fogyaszt\u00f3i \u00e1rak nyolc sz\u00e1zal\u00e9kkal, az uni\u00f3n bel\u00fcl kiemelked&#245; m\u00e9rt\u00e9kben n&#245;ttek. A gazdas\u00e1gi megszor\u00edt\u00e1sok eszk\u00f6zek\u00e9nt is alkalmazott infl\u00e1ci\u00f3 megugr\u00e1sa az elemz&#245;k szerint ugyan v\u00e1rhat\u00f3 volt, meglepet\u00e9st csup\u00e1n annak m\u00e9rt\u00e9ke okozott. Ami azt illeti, kevesebbet \u00edg\u00e9rtek. A tavalyi \u00e9vben az dr\u00e1gult legink\u00e1bb amib\u0151l a legt\u00f6bbet fogyasztunk. A K\u00f6zponti Statisztikai Hivatal szerint, tavaly az energia [&hellip;]<\/p>\n","protected":false},"author":2,"featured_media":0,"comment_status":"open","ping_status":"open","sticky":false,"template":"","format":"standard","meta":[],"categories":[24],"tags":[],"_links":{"self":[{"href":"http:\/\/archiv.szolnoktv.hu\/index.php?rest_route=\/wp\/v2\/posts\/30076"}],"collection":[{"href":"http:\/\/archiv.szolnoktv.hu\/index.php?rest_route=\/wp\/v2\/posts"}],"about":[{"href":"http:\/\/archiv.szolnoktv.hu\/index.php?rest_route=\/wp\/v2\/types\/post"}],"author":[{"embeddable":true,"href":"http:\/\/archiv.szolnoktv.hu\/index.php?rest_route=\/wp\/v2\/users\/2"}],"replies":[{"embeddable":true,"href":"http:\/\/archiv.szolnoktv.hu\/index.php?rest_route=%2Fwp%2Fv2%2Fcomments&post=30076"}],"version-history":[{"count":1,"href":"http:\/\/archiv.szolnoktv.hu\/index.php?rest_route=\/wp\/v2\/posts\/30076\/revisions"}],"predecessor-version":[{"id":30290,"href":"http:\/\/archiv.szolnoktv.hu\/index.php?rest_route=\/wp\/v2\/posts\/30076\/revisions\/30290"}],"wp:attachment":[{"href":"http:\/\/archiv.szolnoktv.hu\/index.php?rest_route=%2Fwp%2Fv2%2Fmedia&parent=30076"}],"wp:term":[{"taxonomy":"category","embeddable":true,"href":"http:\/\/archiv.szolnoktv.hu\/index.php?rest_route=%2Fwp%2Fv2%2Fcategories&post=30076"},{"taxonomy":"post_tag","embeddable":true,"href":"http:\/\/archiv.szolnoktv.hu\/index.php?rest_route=%2Fwp%2Fv2%2Ftags&post=30076"}],"curies":[{"name":"wp","href":"https:\/\/api.w.org\/{rel}","templated":true}]}}