{"id":30075,"date":"2008-01-15T19:49:49","date_gmt":"2008-01-15T19:49:49","guid":{"rendered":"http:\/\/archiv.szolnoktv.hu\/?p=30075"},"modified":"2021-11-17T11:05:29","modified_gmt":"2021-11-17T11:05:29","slug":"tankonyvmustra","status":"publish","type":"post","link":"http:\/\/archiv.szolnoktv.hu\/?p=30075","title":{"rendered":"Tank\u00f6nyvmustra"},"content":{"rendered":"<div class='booster-block booster-read-block'><\/div><p>Olcs\u00f3bb nem lesz&#8230; M\u00e9g n\u00e9h\u00e1ny h\u00e9t \u00e9s az iskol\u00e1k leadj\u00e1k megrendel\u00e9seiket a k\u00f6vetkez\u0151 tan\u00e9vre. A sz\u00e9p, sz\u00ednes kiadv\u00e1nyok j\u00f6v\u0151re sem ker\u00fclnek kevesebbe, mint id\u00e9n.<br \/>\nA Varga Katalin Gimn\u00e1ziumban, mint a Nemzeti Tank\u00f6nyvkiad\u00f3 referenciaiskol\u00e1j\u00e1ban, m\u00e1r 10. \u00e9ve tesztelik \u00e9s ismertetik az \u00faj tank\u00f6nyveket. A bemutat\u00f3 tan\u00edt\u00e1son \u00e9s szakmai el\u0151ad\u00e1son a k\u00f6rny\u00e9kbeli iskol\u00e1k szaktan\u00e1rai is r\u00e9szt vesznek. Ilyen alkalmakkor sz\u00f3ba ker\u00fclnek a tank\u00f6nyvek er\u00e9nyei \u00e9s hi\u00e1nyoss\u00e1gai, melyeket a szerz\u0151k a k\u00f6vetkez\u0151 \u00e1tszerkeszt\u00e9sben figyelembe is vesznek. A Varga Gimn\u00e1zium \u00e9s a Kiad\u00f3 k\u00f6z\u00f6tti egy\u00fcttm\u0171k\u00f6d\u00e9s nem jelenti azt, hogy a di\u00e1kok kiz\u00e1r\u00f3lag innen v\u00e1s\u00e1rolhatnak, az ar\u00e1ny 50-70 sz\u00e1zal\u00e9kos. Hogy mi ker\u00fclj\u00f6n az iskolat\u00e1sk\u00e1ba, a tan\u00e1rok a szakmai munkak\u00f6z\u00f6ss\u00e9ggel k\u00f6z\u00f6sen hat\u00e1rozz\u00e1k meg a min\u0151s\u00e9g \u00e9s nem utols\u00f3 sorban a v\u00e1rhat\u00f3 k\u00f6lts\u00e9gek  alapj\u00e1n. A tank\u00f6nyvmegrendel\u00e9seket febru\u00e1rban kell elk\u00fcldeni\u00fck az iskol\u00e1knak.<\/p>\n","protected":false},"excerpt":{"rendered":"<p>Olcs\u00f3bb nem lesz&#8230; M\u00e9g n\u00e9h\u00e1ny h\u00e9t \u00e9s az iskol\u00e1k leadj\u00e1k megrendel\u00e9seiket a k\u00f6vetkez\u0151 tan\u00e9vre. A sz\u00e9p, sz\u00ednes kiadv\u00e1nyok j\u00f6v\u0151re sem ker\u00fclnek kevesebbe, mint id\u00e9n. A Varga Katalin Gimn\u00e1ziumban, mint a Nemzeti Tank\u00f6nyvkiad\u00f3 referenciaiskol\u00e1j\u00e1ban, m\u00e1r 10. \u00e9ve tesztelik \u00e9s ismertetik az \u00faj tank\u00f6nyveket. A bemutat\u00f3 tan\u00edt\u00e1son \u00e9s szakmai el\u0151ad\u00e1son a k\u00f6rny\u00e9kbeli iskol\u00e1k szaktan\u00e1rai is r\u00e9szt vesznek. [&hellip;]<\/p>\n","protected":false},"author":2,"featured_media":0,"comment_status":"open","ping_status":"open","sticky":false,"template":"","format":"standard","meta":[],"categories":[24],"tags":[],"_links":{"self":[{"href":"http:\/\/archiv.szolnoktv.hu\/index.php?rest_route=\/wp\/v2\/posts\/30075"}],"collection":[{"href":"http:\/\/archiv.szolnoktv.hu\/index.php?rest_route=\/wp\/v2\/posts"}],"about":[{"href":"http:\/\/archiv.szolnoktv.hu\/index.php?rest_route=\/wp\/v2\/types\/post"}],"author":[{"embeddable":true,"href":"http:\/\/archiv.szolnoktv.hu\/index.php?rest_route=\/wp\/v2\/users\/2"}],"replies":[{"embeddable":true,"href":"http:\/\/archiv.szolnoktv.hu\/index.php?rest_route=%2Fwp%2Fv2%2Fcomments&post=30075"}],"version-history":[{"count":1,"href":"http:\/\/archiv.szolnoktv.hu\/index.php?rest_route=\/wp\/v2\/posts\/30075\/revisions"}],"predecessor-version":[{"id":30291,"href":"http:\/\/archiv.szolnoktv.hu\/index.php?rest_route=\/wp\/v2\/posts\/30075\/revisions\/30291"}],"wp:attachment":[{"href":"http:\/\/archiv.szolnoktv.hu\/index.php?rest_route=%2Fwp%2Fv2%2Fmedia&parent=30075"}],"wp:term":[{"taxonomy":"category","embeddable":true,"href":"http:\/\/archiv.szolnoktv.hu\/index.php?rest_route=%2Fwp%2Fv2%2Fcategories&post=30075"},{"taxonomy":"post_tag","embeddable":true,"href":"http:\/\/archiv.szolnoktv.hu\/index.php?rest_route=%2Fwp%2Fv2%2Ftags&post=30075"}],"curies":[{"name":"wp","href":"https:\/\/api.w.org\/{rel}","templated":true}]}}