{"id":30073,"date":"2008-01-15T19:44:37","date_gmt":"2008-01-15T19:44:37","guid":{"rendered":"http:\/\/archiv.szolnoktv.hu\/?p=30073"},"modified":"2021-11-17T11:05:29","modified_gmt":"2021-11-17T11:05:29","slug":"bontjak-a-medencet","status":"publish","type":"post","link":"http:\/\/archiv.szolnoktv.hu\/?p=30073","title":{"rendered":"Bontj\u00e1k a medenc\u00e9t"},"content":{"rendered":"<div class='booster-block booster-read-block'><\/div><p>Ha m\u00e1s m&#251;szaki probl\u00e9ma nem j\u00f6n k\u00f6zbe, m\u00e1rciust\u00f3l \u00fajra ben\u00e9pes\u00fclhet a tanuszoda. A l\u00e9tes\u00edtm\u00e9nyben ma kezd&#245;d\u00f6tt meg a cs&#245;vezet\u00e9krendszer meghib\u00e1sod\u00e1s\u00e1t k\u00f6vet&#245; helyre\u00e1ll\u00edt\u00e1s. Biztat\u00f3ak a t\u00e1rgyal\u00e1sok a biztos\u00edt\u00f3val is, a k\u00e1rt\u00e9r\u00edt\u00e9s m\u00e9rt\u00e9ke azonban m\u00e9g nem tiszt\u00e1zott.<br \/>\nEgyel&#245;re nem gyerekek, hanem a k\u00e9ziszersz\u00e1mok zaj\u00e1t\u00f3l hangos a Kanizsa Tivadar V\u00e1rosi Tanuszoda. Mint arr\u00f3l m\u00e1r t\u00f6bbsz\u00f6r besz\u00e1moltunk, a l\u00e9tes\u00edtm\u00e9ny tavaly november 16-\u00e1n z\u00e1rta be kapuit, miut\u00e1n egyre t\u00f6bb v\u00edz folyt el a medenc\u00e9b&#245;l. A kezdeti gyan\u00fa, miszerint a csaknem 20 \u00e9ves cs&#245;rendszer korr\u00f3zi\u00f3ja okozta a m&#251;szaki probl\u00e9m\u00e1t, a felt\u00e1r\u00e1st k\u00f6vet&#245;en beigazol\u00f3dott. Az Aktu\u00e1list h\u00e9tf&#245;n Szab\u00f3 Istv\u00e1n alpolg\u00e1rmester \u00fagy t\u00e1j\u00e9koztatta, hogy az \u00f6nkorm\u00e1nyzat h\u00e1rom c\u00e9gt&#245;l k\u00e9rt \u00e1raj\u00e1nlatot. A Metr\u00f3\u00e9pszolg r\u00e9szv\u00e9nyt\u00e1rsas\u00e1g 14 milli\u00f3 400 ezer forintos nett\u00f3 \u00e1ron v\u00e1llalta a cs&#245;t\u00f6r\u00e9st k\u00f6vet&#245; teljes helyre\u00e1ll\u00edt\u00e1st, ami \u00e1fa-val egy\u00fctt 17 milli\u00f3 300 ezer forintba ker\u00fcl. A kivitelez&#245; szolnoki c\u00e9g dolgoz\u00f3i m\u00e1r ma hozz\u00e1l\u00e1ttak a munk\u00e1latokhoz. A helyre\u00e1ll\u00edt\u00e1s sor\u00e1n der\u00fcl az is ki, hogy a medence vasbeton szerkezete egy\u00e1ltal\u00e1n s\u00e9r\u00fclt-e, vagy pedig csak \u00e9s kiz\u00e1r\u00f3lag a cs&#245;rendszer az oka a meghib\u00e1sod\u00e1snak &#8211; tette hozz\u00e1 a m&#251;szaki igazgat\u00f3. Ma azonban nem csak a munk\u00e1latok kezd&#245;dtek el, a tanuszod\u00e1t felkerest\u00e9k a biztos\u00edt\u00f3t\u00e1rsas\u00e1g k\u00e9pvisel&#245;i is. Amint az a felv\u00e9teleken is j\u00f3l l\u00e1tszik, mindent a lehet&#245; legalaposabban  megtekintettek \u00e9s megvizsg\u00e1ltak. Az \u00f6nkorm\u00e1nyzat valamennyi int\u00e9zm\u00e9ny\u00e9t 1999 \u00f3ta az Allianz Hung\u00e1ria biztos\u00edtja, eddig minden k\u00e1resem\u00e9ny kapcs\u00e1n siker\u00fclt kompromisszumos megold\u00e1st tal\u00e1lni. Az \u00f6nkorm\u00e1nyzatot k\u00e9pvisel&#245; alkusz c\u00e9g vezet&#245;je szerint erre most is minden es\u00e9ly meg van, a t\u00e1rgyal\u00e1sok biztat\u00f3ak. Ha valamilyen v\u00e1ratlan m&#251;szaki probl\u00e9ma nem j\u00f6n k\u00f6zbe, akkor febru\u00e1r v\u00e9g\u00e9re elk\u00e9sz\u00fclnek a helyre\u00e1ll\u00edt\u00e1si munk\u00e1latokkal &#8211; ezt v\u00e1llalta a kivitelez&#245;.<\/p>\n","protected":false},"excerpt":{"rendered":"<p>Ha m\u00e1s m&#251;szaki probl\u00e9ma nem j\u00f6n k\u00f6zbe, m\u00e1rciust\u00f3l \u00fajra ben\u00e9pes\u00fclhet a tanuszoda. A l\u00e9tes\u00edtm\u00e9nyben ma kezd&#245;d\u00f6tt meg a cs&#245;vezet\u00e9krendszer meghib\u00e1sod\u00e1s\u00e1t k\u00f6vet&#245; helyre\u00e1ll\u00edt\u00e1s. Biztat\u00f3ak a t\u00e1rgyal\u00e1sok a biztos\u00edt\u00f3val is, a k\u00e1rt\u00e9r\u00edt\u00e9s m\u00e9rt\u00e9ke azonban m\u00e9g nem tiszt\u00e1zott. Egyel&#245;re nem gyerekek, hanem a k\u00e9ziszersz\u00e1mok zaj\u00e1t\u00f3l hangos a Kanizsa Tivadar V\u00e1rosi Tanuszoda. Mint arr\u00f3l m\u00e1r t\u00f6bbsz\u00f6r besz\u00e1moltunk, a l\u00e9tes\u00edtm\u00e9ny [&hellip;]<\/p>\n","protected":false},"author":2,"featured_media":0,"comment_status":"open","ping_status":"open","sticky":false,"template":"","format":"standard","meta":[],"categories":[24],"tags":[],"_links":{"self":[{"href":"http:\/\/archiv.szolnoktv.hu\/index.php?rest_route=\/wp\/v2\/posts\/30073"}],"collection":[{"href":"http:\/\/archiv.szolnoktv.hu\/index.php?rest_route=\/wp\/v2\/posts"}],"about":[{"href":"http:\/\/archiv.szolnoktv.hu\/index.php?rest_route=\/wp\/v2\/types\/post"}],"author":[{"embeddable":true,"href":"http:\/\/archiv.szolnoktv.hu\/index.php?rest_route=\/wp\/v2\/users\/2"}],"replies":[{"embeddable":true,"href":"http:\/\/archiv.szolnoktv.hu\/index.php?rest_route=%2Fwp%2Fv2%2Fcomments&post=30073"}],"version-history":[{"count":1,"href":"http:\/\/archiv.szolnoktv.hu\/index.php?rest_route=\/wp\/v2\/posts\/30073\/revisions"}],"predecessor-version":[{"id":30293,"href":"http:\/\/archiv.szolnoktv.hu\/index.php?rest_route=\/wp\/v2\/posts\/30073\/revisions\/30293"}],"wp:attachment":[{"href":"http:\/\/archiv.szolnoktv.hu\/index.php?rest_route=%2Fwp%2Fv2%2Fmedia&parent=30073"}],"wp:term":[{"taxonomy":"category","embeddable":true,"href":"http:\/\/archiv.szolnoktv.hu\/index.php?rest_route=%2Fwp%2Fv2%2Fcategories&post=30073"},{"taxonomy":"post_tag","embeddable":true,"href":"http:\/\/archiv.szolnoktv.hu\/index.php?rest_route=%2Fwp%2Fv2%2Ftags&post=30073"}],"curies":[{"name":"wp","href":"https:\/\/api.w.org\/{rel}","templated":true}]}}