{"id":30072,"date":"2008-01-15T19:36:55","date_gmt":"2008-01-15T19:36:55","guid":{"rendered":"http:\/\/archiv.szolnoktv.hu\/?p=30072"},"modified":"2021-11-17T11:05:29","modified_gmt":"2021-11-17T11:05:29","slug":"letisztultak-a-feladatok","status":"publish","type":"post","link":"http:\/\/archiv.szolnoktv.hu\/?p=30072","title":{"rendered":"Letisztultak a feladatok"},"content":{"rendered":"<div class='booster-block booster-read-block'><\/div><p>Lassan helyre\u00e1ll a rend a betegsz\u00e1ll\u00edt\u00e1sban. B\u00e1r a betegsz\u00e1ll\u00edt\u00f3knak annyi dolguk van, hogy alig-alig gy\u0151zik, \u00fagy t\u0171nik v\u00e9ge a kezdeti k\u00e1osznak. P\u00e9nteken megegyeztek a betegsz\u00e1ll\u00edt\u00f3k a t\u00e1rc\u00e1val. T\u00f6bb aut\u00f3t kapnak, \u00e9s pontosan meghat\u00e1rozz\u00e1k a feladatukat. Szolnok megy\u00e9ben \u00f6sszesen 7 alternat\u00edv betegsz\u00e1ll\u00edt\u00f3 c\u00e9g l\u00e1tja el a feladatokat, 23 kocsival.<br \/>\nJanu\u00e1r 1-j\u00e9n l\u00e9pett \u00e9letbe az a t\u00f6rv\u00e9ny, amelynek \u00e9rtelm\u00e9ben id\u00e9n a szakk\u00eds\u00e9retet nem ig\u00e9nyl\u0151 \u00fcl\u0151- \u00e9s fekv\u0151beteg sz\u00e1ll\u00edt\u00e1st a Ment\u0151k \u00e9s Betegsz\u00e1ll\u00edt\u00f3k Orsz\u00e1gos Egyes\u00fclet\u00e9be t\u00f6m\u00f6r\u00fclt 73 mag\u00e1n betegsz\u00e1ll\u00edt\u00f3 v\u00e9gzi. A ment\u00e9st \u00e9s a betegsz\u00e1ll\u00edt\u00e1st sz\u00e9tv\u00e1lasztott\u00e1k. A t\u00f6rv\u00e9ny hat\u00e1lyba l\u00e9p\u00e9se ut\u00e1n p\u00e1r nappal m\u00e1r orsz\u00e1gos k\u00e1osz uralta a betegsz\u00e1ll\u00edt\u00e1st. A betegsz\u00e1ll\u00edt\u00f3k alig gy\u0151zt\u00e9k a r\u00e1juk r\u00f3tt feladatokat elv\u00e9gezni. Munk\u00e1juk most is van el\u00e9g, de legal\u00e1bb az emberek hozz\u00e1\u00e1ll\u00e1sa megv\u00e1ltozott. &#8211; mondta az Aktu\u00e1lisnak az egyik szolnoki  betegsz\u00e1ll\u00edt\u00f3 c\u00e9g vezet\u0151je. Szeghy Gergely ma reggel t\u00e1rgyalt Dr. S\u00e9llein\u00e9 M\u00e1rki M\u00e1ri\u00e1val, a Het\u00e9nyi G\u00e9za Megyei K\u00f3rh\u00e1z f\u0151igazgat\u00f3j\u00e1val. \u00cdg\u00e9retet kapott arra, hogy ezt k\u00f6vet\u0151en helyet kapnak az int\u00e9zm\u00e9nyben. Ez nagy seg\u00edts\u00e9get jelentene sz\u00e1mukra. Nemcsak megy\u00e9nkben, hanem orsz\u00e1gosan is lassacsk\u00e1n helyre\u00e1ll a rend a betegsz\u00e1ll\u00edt\u00e1sban. A ment\u0151szolg\u00e1lat, a betegsz\u00e1ll\u00edt\u00f3k \u00e9s az Orsz\u00e1gos Eg\u00e9szs\u00e9g\u00fcgyi P\u00e9nzt\u00e1r p\u00e9nteken a legt\u00f6bb k\u00e9rd\u00e9sben megegyezett. A betegsz\u00e1llt\u00f3k els\u0151sorban kapacit\u00e1sn\u00f6vel\u00e9st k\u00e9rtek, \u00e9s azt: pontosan hat\u00e1rozz\u00e1k meg mi a ment\u0151s\u00f6k \u00e9s mi  a betegsz\u00e1ll\u00edt\u00f3k feladata.  Egy h\u00f3nap megfigyel\u00e9st k\u00f6vet\u0151en d\u00f6ntenek az esetleg m\u00e9g sz\u00fcks\u00e9ges p\u00e9nz\u00fcgyi korrekci\u00f3kr\u00f3l.<\/p>\n","protected":false},"excerpt":{"rendered":"<p>Lassan helyre\u00e1ll a rend a betegsz\u00e1ll\u00edt\u00e1sban. B\u00e1r a betegsz\u00e1ll\u00edt\u00f3knak annyi dolguk van, hogy alig-alig gy\u0151zik, \u00fagy t\u0171nik v\u00e9ge a kezdeti k\u00e1osznak. P\u00e9nteken megegyeztek a betegsz\u00e1ll\u00edt\u00f3k a t\u00e1rc\u00e1val. T\u00f6bb aut\u00f3t kapnak, \u00e9s pontosan meghat\u00e1rozz\u00e1k a feladatukat. Szolnok megy\u00e9ben \u00f6sszesen 7 alternat\u00edv betegsz\u00e1ll\u00edt\u00f3 c\u00e9g l\u00e1tja el a feladatokat, 23 kocsival. Janu\u00e1r 1-j\u00e9n l\u00e9pett \u00e9letbe az a t\u00f6rv\u00e9ny, [&hellip;]<\/p>\n","protected":false},"author":2,"featured_media":0,"comment_status":"open","ping_status":"open","sticky":false,"template":"","format":"standard","meta":[],"categories":[24],"tags":[],"_links":{"self":[{"href":"http:\/\/archiv.szolnoktv.hu\/index.php?rest_route=\/wp\/v2\/posts\/30072"}],"collection":[{"href":"http:\/\/archiv.szolnoktv.hu\/index.php?rest_route=\/wp\/v2\/posts"}],"about":[{"href":"http:\/\/archiv.szolnoktv.hu\/index.php?rest_route=\/wp\/v2\/types\/post"}],"author":[{"embeddable":true,"href":"http:\/\/archiv.szolnoktv.hu\/index.php?rest_route=\/wp\/v2\/users\/2"}],"replies":[{"embeddable":true,"href":"http:\/\/archiv.szolnoktv.hu\/index.php?rest_route=%2Fwp%2Fv2%2Fcomments&post=30072"}],"version-history":[{"count":1,"href":"http:\/\/archiv.szolnoktv.hu\/index.php?rest_route=\/wp\/v2\/posts\/30072\/revisions"}],"predecessor-version":[{"id":30294,"href":"http:\/\/archiv.szolnoktv.hu\/index.php?rest_route=\/wp\/v2\/posts\/30072\/revisions\/30294"}],"wp:attachment":[{"href":"http:\/\/archiv.szolnoktv.hu\/index.php?rest_route=%2Fwp%2Fv2%2Fmedia&parent=30072"}],"wp:term":[{"taxonomy":"category","embeddable":true,"href":"http:\/\/archiv.szolnoktv.hu\/index.php?rest_route=%2Fwp%2Fv2%2Fcategories&post=30072"},{"taxonomy":"post_tag","embeddable":true,"href":"http:\/\/archiv.szolnoktv.hu\/index.php?rest_route=%2Fwp%2Fv2%2Ftags&post=30072"}],"curies":[{"name":"wp","href":"https:\/\/api.w.org\/{rel}","templated":true}]}}