{"id":30071,"date":"2008-01-15T19:33:29","date_gmt":"2008-01-15T19:33:29","guid":{"rendered":"http:\/\/archiv.szolnoktv.hu\/?p=30071"},"modified":"2021-11-17T11:05:29","modified_gmt":"2021-11-17T11:05:29","slug":"plusz-zona","status":"publish","type":"post","link":"http:\/\/archiv.szolnoktv.hu\/?p=30071","title":{"rendered":"Plusz z\u00f3na"},"content":{"rendered":"<div class='booster-block booster-read-block'><\/div><p>Ha a febru\u00e1ri K\u00f6zgy\u0171l\u00e9s elfogadja, \u00fagy 1500- zal t\u00f6bb fizet\u0151s parkol\u00f3hely lesz a megyesz\u00e9khelyen. Egy\u00fattal h\u00e1rom \u00f6vezetre osztan\u00e1 a v\u00e1rost a parkol\u00e1s rendj\u00e9r\u0151l sz\u00f3l\u00f3 rendelet m\u00f3dos\u00edt\u00e1sa. A V\u00e1rosgazd\u00e1lkod\u00e1si Bizotts\u00e1g ma t\u00e1rgyalta az err\u0151l sz\u00f3l\u00f3 el\u0151terjeszt\u00e9st.<br \/>\nSzolnokon egy 2001- ben hozott helyi rendelet alapj\u00e1n kell fizetni a parkol\u00e1s\u00e9rt a kialak\u00edtott parkol\u00f3helyeken. Az akkori d\u00f6nt\u00e9st az indokolta, hogy a belv\u00e1rosban nem lehetett k\u00f6zlekedni a szab\u00e1lytalanul parkol\u00f3 aut\u00f3kt\u00f3l. Mivel az \u00f6nkorm\u00e1nyzatnak akkor sem volt a fizet\u0151s parkol\u00f3k ki\u00e9p\u00edt\u00e9s\u00e9re 140 milli\u00f3 forintja, \u00edgy a Remondist b\u00edzta meg ezzel a feladattal. Cser\u00e9ben a szolg\u00e1ltat\u00f3 bizonyos sz\u00e1zal\u00e9kban r\u00e9szesedett \u00e9s r\u00e9szesedik az\u00f3ta is a parkol\u00e1si d\u00edjakb\u00f3l befolyt \u00f6sszegb\u0151l. A fizet\u0151s parkol\u00e1s bevezet\u00e9se \u00f3ta eltelt hat \u00e9v sor\u00e1n arra a meg\u00e1llap\u00edt\u00e1sra jutott az \u00f6nkorm\u00e1nyzat, hogy b\u0151v\u00edteni kell a fizet\u0151s parkol\u00e1si \u00f6vezeteket. A fizet\u0151s s\u00e1vok felfest\u00e9se, a parkol\u00f3\u00f3r\u00e1k, \u00fczembe \u00e1ll\u00edt\u00e1suk, valamint r\u00e1kapcsol\u00e1suk a k\u00f6zponti rendszerre 100 milli\u00f3 forintba ker\u00fcl. A helyhat\u00f3s\u00e1gnak- mik\u00e9nt hat \u00e9vvel ezel\u0151tt- most sincs erre a c\u00e9lra ennyi p\u00e9nze. A Remondis \u00f6t \u00e9ves megt\u00e9r\u00fcl\u00e9si id\u0151vel sz\u00e1mol m\u00e9g \u00fagy is, hogy \u00faj elemk\u00e9nt harmadik d\u00edjz\u00f3na is lesz. Id\u00e9nt\u0151l mintegy fel\u00e9vel n\u0151ne a fizet\u0151s parkol\u00f3helyek sz\u00e1ma, azaz 1498 \u00faj parkol\u00f3helyet alak\u00edttatna ki az \u00f6nkorm\u00e1nyzat. Az el\u0151terjeszt\u00e9s szerint az egyes z\u00f3n\u00e1ban 230 forintba ker\u00fclne egy \u00f3r\u00e1nyi v\u00e1rakoz\u00e1s, a kettesben 160, a harmadikban 130 forintba. B\u00e1r ez a m\u00e1r megl\u00e9v\u0151 d\u00edjz\u00f3n\u00e1k eset\u00e9ben majd harminc sz\u00e1zal\u00e9kos emelked\u00e9st jelent- ez csak a p\u00e9nz\u00e9rm\u00e9s fizet\u00e9sre vonatkozna. Ezt azonban a febru\u00e1ri K\u00f6zgy\u0171l\u00e9snek kell elfogadnia. A parkol\u00f3b\u00e9rletek \u00e1ra janu\u00e1r elsej\u00e9vel emelkedett, nyolc sz\u00e1zal\u00e9kkal.<\/p>\n","protected":false},"excerpt":{"rendered":"<p>Ha a febru\u00e1ri K\u00f6zgy\u0171l\u00e9s elfogadja, \u00fagy 1500- zal t\u00f6bb fizet\u0151s parkol\u00f3hely lesz a megyesz\u00e9khelyen. Egy\u00fattal h\u00e1rom \u00f6vezetre osztan\u00e1 a v\u00e1rost a parkol\u00e1s rendj\u00e9r\u0151l sz\u00f3l\u00f3 rendelet m\u00f3dos\u00edt\u00e1sa. A V\u00e1rosgazd\u00e1lkod\u00e1si Bizotts\u00e1g ma t\u00e1rgyalta az err\u0151l sz\u00f3l\u00f3 el\u0151terjeszt\u00e9st. Szolnokon egy 2001- ben hozott helyi rendelet alapj\u00e1n kell fizetni a parkol\u00e1s\u00e9rt a kialak\u00edtott parkol\u00f3helyeken. Az akkori d\u00f6nt\u00e9st az indokolta, [&hellip;]<\/p>\n","protected":false},"author":2,"featured_media":0,"comment_status":"open","ping_status":"open","sticky":false,"template":"","format":"standard","meta":[],"categories":[24],"tags":[],"_links":{"self":[{"href":"http:\/\/archiv.szolnoktv.hu\/index.php?rest_route=\/wp\/v2\/posts\/30071"}],"collection":[{"href":"http:\/\/archiv.szolnoktv.hu\/index.php?rest_route=\/wp\/v2\/posts"}],"about":[{"href":"http:\/\/archiv.szolnoktv.hu\/index.php?rest_route=\/wp\/v2\/types\/post"}],"author":[{"embeddable":true,"href":"http:\/\/archiv.szolnoktv.hu\/index.php?rest_route=\/wp\/v2\/users\/2"}],"replies":[{"embeddable":true,"href":"http:\/\/archiv.szolnoktv.hu\/index.php?rest_route=%2Fwp%2Fv2%2Fcomments&post=30071"}],"version-history":[{"count":1,"href":"http:\/\/archiv.szolnoktv.hu\/index.php?rest_route=\/wp\/v2\/posts\/30071\/revisions"}],"predecessor-version":[{"id":30295,"href":"http:\/\/archiv.szolnoktv.hu\/index.php?rest_route=\/wp\/v2\/posts\/30071\/revisions\/30295"}],"wp:attachment":[{"href":"http:\/\/archiv.szolnoktv.hu\/index.php?rest_route=%2Fwp%2Fv2%2Fmedia&parent=30071"}],"wp:term":[{"taxonomy":"category","embeddable":true,"href":"http:\/\/archiv.szolnoktv.hu\/index.php?rest_route=%2Fwp%2Fv2%2Fcategories&post=30071"},{"taxonomy":"post_tag","embeddable":true,"href":"http:\/\/archiv.szolnoktv.hu\/index.php?rest_route=%2Fwp%2Fv2%2Ftags&post=30071"}],"curies":[{"name":"wp","href":"https:\/\/api.w.org\/{rel}","templated":true}]}}