{"id":30070,"date":"2008-01-15T19:30:56","date_gmt":"2008-01-15T19:30:56","guid":{"rendered":"http:\/\/archiv.szolnoktv.hu\/?p=30070"},"modified":"2021-11-17T11:05:29","modified_gmt":"2021-11-17T11:05:29","slug":"befejezetlen","status":"publish","type":"post","link":"http:\/\/archiv.szolnoktv.hu\/?p=30070","title":{"rendered":"Befejezetlen.."},"content":{"rendered":"<div class='booster-block booster-read-block'><\/div><p>Kifordult d\u00edszk\u00f6vek, megs\u00fcllyedt csatornafed&#245;k. December elsej\u00e9n kezd&#245;d\u00f6tt meg a Kossuth t\u00e9r m&#251;szaki \u00e1tv\u00e9tele. Az\u00f3ta sz\u00e1mos probl\u00e9m\u00e1t tal\u00e1ltak \u00e9s jav\u00edttattak ki az ellen&#245;r\u00f6k. Az \u00f6sszes hi\u00e1nyoss\u00e1g helyre hoz\u00e1s\u00e1val azonban m\u00e9g nem v\u00e9geztek. A tervek szerint tavaszra teljesen elk\u00e9sz\u00fclnek a t\u00e9rrel.<br \/>\nA Kossuth teret \u00e1tadt\u00e1k, \u00e1m a munk\u00e1kkal ez id\u00e1ig nem v\u00e9geztek. Sz\u00e1mos jav\u00edtani val\u00f3 m\u00e9g v\u00e1rat mag\u00e1ra. A teret igen siet&#245;sen kellett \u00e1talak\u00edtani, tal\u00e1n ennek, tal\u00e1n a nagy hidegnek tudhat\u00f3 be, hogy t\u00f6bb helyen m\u00e1ris megs\u00fcllyedt a j\u00e1r\u00f3fel\u00fclet. A d\u00edszburkolat n\u00e9h\u00e1ny helyen egyel&#245;re m\u00e9g nem mondhat\u00f3 a f&#245;t\u00e9r d\u00edsz\u00e9nek, hiszen a fug\u00e1z\u00f3 anyag hi\u00e1ny\u00e1ban a k\u00f6vek egy r\u00e9sze kifordult a hely\u00e9r&#245;l. A t\u00e9rnek azonban csalogatnia kell az embereket, ez\u00e9rt a hib\u00e1k kijav\u00edt\u00e1s\u00e1n folyamatosan dolgoznak. A d\u00edszk\u00f6vek k\u00f6z\u00f6tt n\u00e9hol alig n\u00e9h\u00e1ny millim\u00e9teres r\u00e9s van, m\u00e1shol 3-4 cm-es lyukak t\u00e1tongnak, ezzel alaposan megnehez\u00edtve a magas sark\u00faban l\u00e9pdel&#245; h\u00f6lgyek dolg\u00e1t. A t\u00e9rr&#245;l a forgalmat n\u00e9h\u00e1ny h\u00e9tre a Tisza Sz\u00e1ll\u00f3 el&#245;tti szakaszra terelt\u00e9k. Az itt lerakott burkolaton is l\u00e1tszik, nem arra tervezt\u00e9k, hogy t\u00f6bb tonn\u00e1s j\u00e1rm&#251;vek k\u00f6zlekedjenek rajta. Megs\u00fcllyedtek a csatornafed&#245;k is. A Kossuth Lajos \u00faton az egyik m\u00e1r olyan rossz \u00e1llapotba ker\u00fclt, hogy jav\u00edtani kellett. Az\u00f3ta k\u00e9t t\u00e1bla is figyelmeztet az \u00fat k\u00f6zep\u00e9n, nem \u00e1rt figyelni.<\/p>\n","protected":false},"excerpt":{"rendered":"<p>Kifordult d\u00edszk\u00f6vek, megs\u00fcllyedt csatornafed&#245;k. December elsej\u00e9n kezd&#245;d\u00f6tt meg a Kossuth t\u00e9r m&#251;szaki \u00e1tv\u00e9tele. Az\u00f3ta sz\u00e1mos probl\u00e9m\u00e1t tal\u00e1ltak \u00e9s jav\u00edttattak ki az ellen&#245;r\u00f6k. Az \u00f6sszes hi\u00e1nyoss\u00e1g helyre hoz\u00e1s\u00e1val azonban m\u00e9g nem v\u00e9geztek. A tervek szerint tavaszra teljesen elk\u00e9sz\u00fclnek a t\u00e9rrel. A Kossuth teret \u00e1tadt\u00e1k, \u00e1m a munk\u00e1kkal ez id\u00e1ig nem v\u00e9geztek. Sz\u00e1mos jav\u00edtani val\u00f3 m\u00e9g v\u00e1rat [&hellip;]<\/p>\n","protected":false},"author":2,"featured_media":0,"comment_status":"open","ping_status":"open","sticky":false,"template":"","format":"standard","meta":[],"categories":[24],"tags":[],"_links":{"self":[{"href":"http:\/\/archiv.szolnoktv.hu\/index.php?rest_route=\/wp\/v2\/posts\/30070"}],"collection":[{"href":"http:\/\/archiv.szolnoktv.hu\/index.php?rest_route=\/wp\/v2\/posts"}],"about":[{"href":"http:\/\/archiv.szolnoktv.hu\/index.php?rest_route=\/wp\/v2\/types\/post"}],"author":[{"embeddable":true,"href":"http:\/\/archiv.szolnoktv.hu\/index.php?rest_route=\/wp\/v2\/users\/2"}],"replies":[{"embeddable":true,"href":"http:\/\/archiv.szolnoktv.hu\/index.php?rest_route=%2Fwp%2Fv2%2Fcomments&post=30070"}],"version-history":[{"count":1,"href":"http:\/\/archiv.szolnoktv.hu\/index.php?rest_route=\/wp\/v2\/posts\/30070\/revisions"}],"predecessor-version":[{"id":30296,"href":"http:\/\/archiv.szolnoktv.hu\/index.php?rest_route=\/wp\/v2\/posts\/30070\/revisions\/30296"}],"wp:attachment":[{"href":"http:\/\/archiv.szolnoktv.hu\/index.php?rest_route=%2Fwp%2Fv2%2Fmedia&parent=30070"}],"wp:term":[{"taxonomy":"category","embeddable":true,"href":"http:\/\/archiv.szolnoktv.hu\/index.php?rest_route=%2Fwp%2Fv2%2Fcategories&post=30070"},{"taxonomy":"post_tag","embeddable":true,"href":"http:\/\/archiv.szolnoktv.hu\/index.php?rest_route=%2Fwp%2Fv2%2Ftags&post=30070"}],"curies":[{"name":"wp","href":"https:\/\/api.w.org\/{rel}","templated":true}]}}