{"id":30069,"date":"2008-01-15T09:36:48","date_gmt":"2008-01-15T09:36:48","guid":{"rendered":"http:\/\/archiv.szolnoktv.hu\/?p=30069"},"modified":"2021-11-17T11:05:30","modified_gmt":"2021-11-17T11:05:30","slug":"varat-magara-a-felujitas","status":"publish","type":"post","link":"http:\/\/archiv.szolnoktv.hu\/?p=30069","title":{"rendered":"V\u00e1rat mag\u00e1ra a fel\u00faj\u00edt\u00e1s"},"content":{"rendered":"<div class='booster-block booster-read-block'><\/div><p>M\u00e9g mindig, \u00e9s m\u00e1r megint nincs kivitelez\u0151je az SZTK rendel\u0151int\u00e9zet fel\u00faj\u00edt\u00e1si projektj\u00e9nek. Egy elj\u00e1r\u00e1si hiba folyt\u00e1n ugyanis \u00faj p\u00e1ly\u00e1zat ki\u00edr\u00e1sa sz\u00fcks\u00e9ges, amely azt jelenti, hogy egy h\u00f3napon bel\u00fcl biztosan nem kezd\u0151dhetnek el \u00fajb\u00f3l a munk\u00e1latok.<br \/>\nA szolnoki Het\u00e9nyi G\u00e9za K\u00f3rh\u00e1z rendel\u0151int\u00e9zet\u00e9nek fel\u00faj\u00edt\u00e1sa sor\u00e1n, tavaly a kivitelez\u00e9sbe nagyon sok hiba cs\u00faszott. A m\u0171szaki ellen\u0151r ezeket a hi\u00e1nyoss\u00e1gokat folyamatosan jelezte az \u00f6nkorm\u00e1nyzat fel\u00e9. Ennek az lett a k\u00f6vetkezm\u00e9nye, hogy okt\u00f3ber v\u00e9g\u00e9n szerz\u0151d\u00e9st bontottak a kivitelez\u0151 c\u00e9ggel. Az uni\u00f3s p\u00e1ly\u00e1zat keret\u00e9ben zajl\u00f3 fel\u00faj\u00edt\u00e1s kezdete \u00f3ta az \u00e9p\u00fclet keleti sz\u00e1rnya m\u00e1r elk\u00e9sz\u00fclt, a t\u00f6bbi r\u00e9sz azonban m\u00e9g vagy f\u00e9lk\u00e9sz, vagy m\u00e9g ilyen \u00e1llapotban sincs. Az \u00faj p\u00e1ly\u00e1zat elb\u00edr\u00e1l\u00e1s\u00e1nak id\u0151pontja megk\u00f6zel\u00edt\u0151leg 1 h\u00f3napon bel\u00fclre tehet\u0151, teh\u00e1t a p\u00e1ly\u00e1z\u00f3knak az elj\u00e1r\u00e1si hiba okozta, 30 napos k\u00e9s\u00e9st is be kell kalkul\u00e1lniuk, hiszen a v\u00e9gleges \u00e1tad\u00e1s d\u00e1tuma nem v\u00e1ltozhat. Valamennyi g\u00e9p \u00e9s m\u0171szer beszerz\u00e9s\u00e9re m\u00e1r sor ker\u00fclt, az \u00e9p\u00edt\u00e9s kapcs\u00e1n azonban vannak m\u00e9g olyan elmaradt munk\u00e1latok, amelyeket hivatalosan \u00e1prilis v\u00e9g\u00e9ig kell teljes\u00edteni.<\/p>\n","protected":false},"excerpt":{"rendered":"<p>M\u00e9g mindig, \u00e9s m\u00e1r megint nincs kivitelez\u0151je az SZTK rendel\u0151int\u00e9zet fel\u00faj\u00edt\u00e1si projektj\u00e9nek. Egy elj\u00e1r\u00e1si hiba folyt\u00e1n ugyanis \u00faj p\u00e1ly\u00e1zat ki\u00edr\u00e1sa sz\u00fcks\u00e9ges, amely azt jelenti, hogy egy h\u00f3napon bel\u00fcl biztosan nem kezd\u0151dhetnek el \u00fajb\u00f3l a munk\u00e1latok. A szolnoki Het\u00e9nyi G\u00e9za K\u00f3rh\u00e1z rendel\u0151int\u00e9zet\u00e9nek fel\u00faj\u00edt\u00e1sa sor\u00e1n, tavaly a kivitelez\u00e9sbe nagyon sok hiba cs\u00faszott. A m\u0171szaki ellen\u0151r ezeket a [&hellip;]<\/p>\n","protected":false},"author":2,"featured_media":0,"comment_status":"open","ping_status":"open","sticky":false,"template":"","format":"standard","meta":[],"categories":[24],"tags":[],"_links":{"self":[{"href":"http:\/\/archiv.szolnoktv.hu\/index.php?rest_route=\/wp\/v2\/posts\/30069"}],"collection":[{"href":"http:\/\/archiv.szolnoktv.hu\/index.php?rest_route=\/wp\/v2\/posts"}],"about":[{"href":"http:\/\/archiv.szolnoktv.hu\/index.php?rest_route=\/wp\/v2\/types\/post"}],"author":[{"embeddable":true,"href":"http:\/\/archiv.szolnoktv.hu\/index.php?rest_route=\/wp\/v2\/users\/2"}],"replies":[{"embeddable":true,"href":"http:\/\/archiv.szolnoktv.hu\/index.php?rest_route=%2Fwp%2Fv2%2Fcomments&post=30069"}],"version-history":[{"count":1,"href":"http:\/\/archiv.szolnoktv.hu\/index.php?rest_route=\/wp\/v2\/posts\/30069\/revisions"}],"predecessor-version":[{"id":30297,"href":"http:\/\/archiv.szolnoktv.hu\/index.php?rest_route=\/wp\/v2\/posts\/30069\/revisions\/30297"}],"wp:attachment":[{"href":"http:\/\/archiv.szolnoktv.hu\/index.php?rest_route=%2Fwp%2Fv2%2Fmedia&parent=30069"}],"wp:term":[{"taxonomy":"category","embeddable":true,"href":"http:\/\/archiv.szolnoktv.hu\/index.php?rest_route=%2Fwp%2Fv2%2Fcategories&post=30069"},{"taxonomy":"post_tag","embeddable":true,"href":"http:\/\/archiv.szolnoktv.hu\/index.php?rest_route=%2Fwp%2Fv2%2Ftags&post=30069"}],"curies":[{"name":"wp","href":"https:\/\/api.w.org\/{rel}","templated":true}]}}