{"id":30068,"date":"2008-01-15T09:33:02","date_gmt":"2008-01-15T09:33:02","guid":{"rendered":"http:\/\/archiv.szolnoktv.hu\/?p=30068"},"modified":"2021-11-17T11:05:30","modified_gmt":"2021-11-17T11:05:30","slug":"komposztaljak","status":"publish","type":"post","link":"http:\/\/archiv.szolnoktv.hu\/?p=30068","title":{"rendered":"Komposzt\u00e1lj\u00e1k"},"content":{"rendered":"<div class='booster-block booster-read-block'><\/div><p>Mintegy 15 tonna feny\u0151fahullad\u00e9kot gy\u0171jt\u00f6tt \u00f6ssze a szolnoki Remondis, a h\u00e9tv\u00e9gi gy\u0171jt\u00e9si akci\u00f3ban. A k\u00e9s\u0151bb kirakott feny\u0151f\u00e1kat tov\u00e1bbra is elsz\u00e1ll\u00edtj\u00e1k majd, \u00e1m ezeket m\u00e1r nem lehet \u00fajrahasznos\u00edtani.<br \/>\nAz elm\u00falt h\u00e9tv\u00e9g\u00e9n a Remondis k\u00fcl\u00f6nj\u00e1ratokat szervezett a kiselejtezett feny\u0151f\u00e1k begy\u0171jt\u00e9s\u00e9re. Az akci\u00f3 kapcs\u00e1n csak azokat  a f\u00e1kat sz\u00e1ll\u00edtott\u00e1k el, amelyeket a hullad\u00e9kt\u00e1rol\u00f3k mell\u00e9 helyeztek el. A t\u0171level\u0171eket szelekt\u00e1lva gy\u0171jthett\u00e9k, teh\u00e1t nem keveredtek egy\u00e9b hullad\u00e9kkal. Az \u00f6sszegy\u0171jt\u00f6tt feny\u0151f\u00e1k ezut\u00e1n a k\u00e9tp\u00f3i hullad\u00e9klerak\u00f3 komposzt\u00e1l\u00f3j\u00e1ba ker\u00fclnek, hogy \u00fajrahasznos\u00edts\u00e1k \u0151ket. Mivel a feny\u0151fa-elsz\u00e1ll\u00edt\u00e1si akci\u00f3nak v\u00e9ge, ez\u00e9rt t\u00f6bb k\u00fcl\u00f6n j\u00e1ratot nem ind\u00edt a Remondis. A kuk\u00e1k mell\u00e9 kihelyezett, feny\u0151f\u00e1kat azonban tov\u00e1bbra is elsz\u00e1ll\u00edtj\u00e1k azzal a k\u00fcl\u00f6nbs\u00e9ggel, hogy nem a k\u00e9tp\u00f3i komposzt\u00e1l\u00f3ba, hanem kommuni\u00e1lis hullad\u00e9kgy\u0171jt\u0151be ker\u00fclnek majd.<\/p>\n","protected":false},"excerpt":{"rendered":"<p>Mintegy 15 tonna feny\u0151fahullad\u00e9kot gy\u0171jt\u00f6tt \u00f6ssze a szolnoki Remondis, a h\u00e9tv\u00e9gi gy\u0171jt\u00e9si akci\u00f3ban. A k\u00e9s\u0151bb kirakott feny\u0151f\u00e1kat tov\u00e1bbra is elsz\u00e1ll\u00edtj\u00e1k majd, \u00e1m ezeket m\u00e1r nem lehet \u00fajrahasznos\u00edtani. Az elm\u00falt h\u00e9tv\u00e9g\u00e9n a Remondis k\u00fcl\u00f6nj\u00e1ratokat szervezett a kiselejtezett feny\u0151f\u00e1k begy\u0171jt\u00e9s\u00e9re. Az akci\u00f3 kapcs\u00e1n csak azokat a f\u00e1kat sz\u00e1ll\u00edtott\u00e1k el, amelyeket a hullad\u00e9kt\u00e1rol\u00f3k mell\u00e9 helyeztek el. A t\u0171level\u0171eket [&hellip;]<\/p>\n","protected":false},"author":2,"featured_media":0,"comment_status":"open","ping_status":"open","sticky":false,"template":"","format":"standard","meta":[],"categories":[24],"tags":[],"_links":{"self":[{"href":"http:\/\/archiv.szolnoktv.hu\/index.php?rest_route=\/wp\/v2\/posts\/30068"}],"collection":[{"href":"http:\/\/archiv.szolnoktv.hu\/index.php?rest_route=\/wp\/v2\/posts"}],"about":[{"href":"http:\/\/archiv.szolnoktv.hu\/index.php?rest_route=\/wp\/v2\/types\/post"}],"author":[{"embeddable":true,"href":"http:\/\/archiv.szolnoktv.hu\/index.php?rest_route=\/wp\/v2\/users\/2"}],"replies":[{"embeddable":true,"href":"http:\/\/archiv.szolnoktv.hu\/index.php?rest_route=%2Fwp%2Fv2%2Fcomments&post=30068"}],"version-history":[{"count":1,"href":"http:\/\/archiv.szolnoktv.hu\/index.php?rest_route=\/wp\/v2\/posts\/30068\/revisions"}],"predecessor-version":[{"id":30298,"href":"http:\/\/archiv.szolnoktv.hu\/index.php?rest_route=\/wp\/v2\/posts\/30068\/revisions\/30298"}],"wp:attachment":[{"href":"http:\/\/archiv.szolnoktv.hu\/index.php?rest_route=%2Fwp%2Fv2%2Fmedia&parent=30068"}],"wp:term":[{"taxonomy":"category","embeddable":true,"href":"http:\/\/archiv.szolnoktv.hu\/index.php?rest_route=%2Fwp%2Fv2%2Fcategories&post=30068"},{"taxonomy":"post_tag","embeddable":true,"href":"http:\/\/archiv.szolnoktv.hu\/index.php?rest_route=%2Fwp%2Fv2%2Ftags&post=30068"}],"curies":[{"name":"wp","href":"https:\/\/api.w.org\/{rel}","templated":true}]}}