{"id":30067,"date":"2008-01-14T19:57:51","date_gmt":"2008-01-14T19:57:51","guid":{"rendered":"http:\/\/archiv.szolnoktv.hu\/?p=30067"},"modified":"2021-11-17T11:05:30","modified_gmt":"2021-11-17T11:05:30","slug":"30-eve-csongettek-be-eloszor","status":"publish","type":"post","link":"http:\/\/archiv.szolnoktv.hu\/?p=30067","title":{"rendered":"30 \u00e9ve cs\u00f6ngettek be el\u0151sz\u00f6r"},"content":{"rendered":"<div class='booster-block booster-read-block'><\/div><p>A harmadik &#8220;X&#8221;&#8221;. 30 \u00e9vvel ezel\u0151tt kezd\u0151d\u00f6tt az oktat\u00e1s a K\u0151r\u00f6si Csoma S\u00e1ndor \u00c1ltal\u00e1nos Iskol\u00e1ban. Az int\u00e9zm\u00e9nyben mindig is nagy hangs\u00falyt kapott a sport<br \/>\na m\u0171v\u00e9szet \u00e9s az idegennyelv oktat\u00e1s. A 30 \u00e9ves jubileumra eg\u00e9sz \u00e9ven \u00e1t tart\u00f3 rendezv\u00e9nysorozattal k\u00e9sz\u00fcl az iskola.  &#8221;<br \/>\nAz els\u0151 \u00e9rtekezlet \u00e9s az els\u0151 tan\u00e9vnyit\u00f3 &#8211; mindez 1978-ban. A K\u0151r\u00f6si Csoma S\u00e1ndor \u00c1ltal\u00e1nos Iskol\u00e1ban 30 \u00e9vvel ezel\u0151tt kezd\u0151d\u00f6tt az oktat\u00e1s. Az \u00e9p\u00fclet el\u0151tt akkor m\u00e9g nem \u00e1lltak f\u00e1k, a tan\u00e1rok legt\u00f6bbje is p\u00e1lyakezd\u0151k\u00e9nt l\u00e9pett a katedr\u00e1ra. Miut\u00e1n az iskola egy \u00faj lak\u00f3telep k\u00f6zep\u00e9n \u00e9p\u00fclt fel, magas l\u00e9tsz\u00e1mmal kezd\u0151d\u00f6tt az oktat\u00e1s. Volt olyan esztend\u0151 -a Bajcsy Iskola bez\u00e1r\u00e1sa ut\u00e1n- amikor 1200-an j\u00e1rtak ebbe az iskol\u00e1ba. Az int\u00e9zm\u00e9ny \u00e9let\u00e9ben mindig fontos szerepet kapott az eg\u00e9szs\u00e9ges \u00e9letm\u00f3d \u00e9s a sport. Az orosz nyelv oktat\u00e1sban az akkori v\u00e1rosvezet\u00e9s b\u00e1zisk\u00e9nt tekintett a K\u0151r\u00f6sire. Ma m\u00e1r angol \u00e9s n\u00e9met nyelvter\u00fcleten, de m\u00e9g mind\u00edg kimagasl\u00f3 szint\u0171 az idegennyelv k\u00e9pz\u00e9s. A h\u00e1rom \u00e9vtizede tart\u00f3 munk\u00e1t 2008-ban jubileumi rendezv\u00e9nysorozattal \u00fcnnepli az iskola. A m\u00e1rciusi megnyit\u00f3 \u00fcnneps\u00e9get: K\u0151r\u00f6si Kupa, angol nyelv\u0171 orsz\u00e1gismereti vet\u00e9lked\u0151, Harry Potter verseny, eg\u00e9szs\u00e9gnap \u00e9s egykori di\u00e1kok tal\u00e1lkoz\u00f3ja k\u00f6veti. A sorozatot g\u00e1la z\u00e1rja majd az Aba Nov\u00e1k Kultur\u00e1lis K\u00f6zpontban.<\/p>\n","protected":false},"excerpt":{"rendered":"<p>A harmadik &#8220;X&#8221;&#8221;. 30 \u00e9vvel ezel\u0151tt kezd\u0151d\u00f6tt az oktat\u00e1s a K\u0151r\u00f6si Csoma S\u00e1ndor \u00c1ltal\u00e1nos Iskol\u00e1ban. Az int\u00e9zm\u00e9nyben mindig is nagy hangs\u00falyt kapott a sport a m\u0171v\u00e9szet \u00e9s az idegennyelv oktat\u00e1s. A 30 \u00e9ves jubileumra eg\u00e9sz \u00e9ven \u00e1t tart\u00f3 rendezv\u00e9nysorozattal k\u00e9sz\u00fcl az iskola. &#8221; Az els\u0151 \u00e9rtekezlet \u00e9s az els\u0151 tan\u00e9vnyit\u00f3 &#8211; mindez 1978-ban. A K\u0151r\u00f6si [&hellip;]<\/p>\n","protected":false},"author":2,"featured_media":0,"comment_status":"open","ping_status":"open","sticky":false,"template":"","format":"standard","meta":[],"categories":[24],"tags":[],"_links":{"self":[{"href":"http:\/\/archiv.szolnoktv.hu\/index.php?rest_route=\/wp\/v2\/posts\/30067"}],"collection":[{"href":"http:\/\/archiv.szolnoktv.hu\/index.php?rest_route=\/wp\/v2\/posts"}],"about":[{"href":"http:\/\/archiv.szolnoktv.hu\/index.php?rest_route=\/wp\/v2\/types\/post"}],"author":[{"embeddable":true,"href":"http:\/\/archiv.szolnoktv.hu\/index.php?rest_route=\/wp\/v2\/users\/2"}],"replies":[{"embeddable":true,"href":"http:\/\/archiv.szolnoktv.hu\/index.php?rest_route=%2Fwp%2Fv2%2Fcomments&post=30067"}],"version-history":[{"count":1,"href":"http:\/\/archiv.szolnoktv.hu\/index.php?rest_route=\/wp\/v2\/posts\/30067\/revisions"}],"predecessor-version":[{"id":30299,"href":"http:\/\/archiv.szolnoktv.hu\/index.php?rest_route=\/wp\/v2\/posts\/30067\/revisions\/30299"}],"wp:attachment":[{"href":"http:\/\/archiv.szolnoktv.hu\/index.php?rest_route=%2Fwp%2Fv2%2Fmedia&parent=30067"}],"wp:term":[{"taxonomy":"category","embeddable":true,"href":"http:\/\/archiv.szolnoktv.hu\/index.php?rest_route=%2Fwp%2Fv2%2Fcategories&post=30067"},{"taxonomy":"post_tag","embeddable":true,"href":"http:\/\/archiv.szolnoktv.hu\/index.php?rest_route=%2Fwp%2Fv2%2Ftags&post=30067"}],"curies":[{"name":"wp","href":"https:\/\/api.w.org\/{rel}","templated":true}]}}