{"id":30065,"date":"2008-01-14T19:55:28","date_gmt":"2008-01-14T19:55:28","guid":{"rendered":"http:\/\/archiv.szolnoktv.hu\/?p=30065"},"modified":"2021-11-17T11:05:30","modified_gmt":"2021-11-17T11:05:30","slug":"felujitjak-a-tanuszodat","status":"publish","type":"post","link":"http:\/\/archiv.szolnoktv.hu\/?p=30065","title":{"rendered":"Fel\u00faj\u00edtj\u00e1k a tanuszod\u00e1t"},"content":{"rendered":"<div class='booster-block booster-read-block'><\/div><p>A Metr\u00f3\u00e9pszolg \u00faj\u00edthatja fel a Kanizsa Tivadar Tanuszod\u00e1t, miut\u00e1n ez c\u00e9g nyerte meg a k\u00f6zbeszerz\u00e9si elj\u00e1r\u00e1st. A tanmedence febru\u00e1r utols\u00f3 napjaira k\u00e9sz\u00fclhet el.<br \/>\nNovember tizenhatodika \u00f3ta nincs v\u00edz a Kanizsa Tivadar Tanuszod\u00e1ban. A h\u00fasz \u00e9ves cs\u0151vezet\u00e9k- rendszer elhaszn\u00e1l\u00f3dott, a v\u00edz egyszer csak elsz\u00f6k\u00f6tt a medenc\u00e9b\u0151l. A fel\u00faj\u00edt\u00e1st janu\u00e1r m\u00e1sodik\u00e1t\u00f3l tervezt\u00e9k volna, \u00e1m a munk\u00e1latok csak holnap kezd\u0151dnek. Az \u00f6nkorm\u00e1nyzat h\u00e1rom c\u00e9gt\u0151l k\u00e9rt \u00e1raj\u00e1nlatot, a Metr\u00f3\u00e9pszolg 14 milli\u00f3 n\u00e9gysz\u00e1zezer forintos nett\u00f3 \u00e1ron v\u00e1llalta a tanuszoda cs\u0151h\u00e1l\u00f3zat\u00e1nak fel\u00faj\u00edt\u00e1s\u00e1t, a hozz\u00e1 kapcsol\u00f3d\u00f3 f\u00f6ldmunk\u00e1kkal egy\u00fctt- ez 17 milli\u00f3 h\u00e1romsz\u00e1zezer forint \u00c1F\u00c1- s \u00e1r.  Miut\u00e1n az \u00f6nkorm\u00e1nyzat valamennyi int\u00e9zm\u00e9nye biztos\u00edtva van, \u00edgy a hiba felt\u00e1r\u00e1s\u00e1ra elk\u00f6lt\u00f6tt egymilli\u00f3 h\u00e9tsz\u00e1zezer forintot a biztos\u00edt\u00f3t\u00e1rsas\u00e1g r\u00e9szben megt\u00e9r\u00edti. M\u00e1r err\u0151l is folynak az egyeztet\u00e9sek &#8211; t\u00e1j\u00e9koztatta szerkeszt\u0151s\u00e9g\u00fcnket Szab\u00f3 Istv\u00e1n alpolg\u00e1rmester.<\/p>\n","protected":false},"excerpt":{"rendered":"<p>A Metr\u00f3\u00e9pszolg \u00faj\u00edthatja fel a Kanizsa Tivadar Tanuszod\u00e1t, miut\u00e1n ez c\u00e9g nyerte meg a k\u00f6zbeszerz\u00e9si elj\u00e1r\u00e1st. A tanmedence febru\u00e1r utols\u00f3 napjaira k\u00e9sz\u00fclhet el. November tizenhatodika \u00f3ta nincs v\u00edz a Kanizsa Tivadar Tanuszod\u00e1ban. A h\u00fasz \u00e9ves cs\u0151vezet\u00e9k- rendszer elhaszn\u00e1l\u00f3dott, a v\u00edz egyszer csak elsz\u00f6k\u00f6tt a medenc\u00e9b\u0151l. A fel\u00faj\u00edt\u00e1st janu\u00e1r m\u00e1sodik\u00e1t\u00f3l tervezt\u00e9k volna, \u00e1m a munk\u00e1latok csak [&hellip;]<\/p>\n","protected":false},"author":2,"featured_media":0,"comment_status":"open","ping_status":"open","sticky":false,"template":"","format":"standard","meta":[],"categories":[24],"tags":[],"_links":{"self":[{"href":"http:\/\/archiv.szolnoktv.hu\/index.php?rest_route=\/wp\/v2\/posts\/30065"}],"collection":[{"href":"http:\/\/archiv.szolnoktv.hu\/index.php?rest_route=\/wp\/v2\/posts"}],"about":[{"href":"http:\/\/archiv.szolnoktv.hu\/index.php?rest_route=\/wp\/v2\/types\/post"}],"author":[{"embeddable":true,"href":"http:\/\/archiv.szolnoktv.hu\/index.php?rest_route=\/wp\/v2\/users\/2"}],"replies":[{"embeddable":true,"href":"http:\/\/archiv.szolnoktv.hu\/index.php?rest_route=%2Fwp%2Fv2%2Fcomments&post=30065"}],"version-history":[{"count":1,"href":"http:\/\/archiv.szolnoktv.hu\/index.php?rest_route=\/wp\/v2\/posts\/30065\/revisions"}],"predecessor-version":[{"id":30301,"href":"http:\/\/archiv.szolnoktv.hu\/index.php?rest_route=\/wp\/v2\/posts\/30065\/revisions\/30301"}],"wp:attachment":[{"href":"http:\/\/archiv.szolnoktv.hu\/index.php?rest_route=%2Fwp%2Fv2%2Fmedia&parent=30065"}],"wp:term":[{"taxonomy":"category","embeddable":true,"href":"http:\/\/archiv.szolnoktv.hu\/index.php?rest_route=%2Fwp%2Fv2%2Fcategories&post=30065"},{"taxonomy":"post_tag","embeddable":true,"href":"http:\/\/archiv.szolnoktv.hu\/index.php?rest_route=%2Fwp%2Fv2%2Ftags&post=30065"}],"curies":[{"name":"wp","href":"https:\/\/api.w.org\/{rel}","templated":true}]}}