{"id":30064,"date":"2008-01-14T19:52:28","date_gmt":"2008-01-14T19:52:28","guid":{"rendered":"http:\/\/archiv.szolnoktv.hu\/?p=30064"},"modified":"2021-11-17T11:05:30","modified_gmt":"2021-11-17T11:05:30","slug":"bizakodo-gazdak","status":"publish","type":"post","link":"http:\/\/archiv.szolnoktv.hu\/?p=30064","title":{"rendered":"Bizakod\u00f3 gazd\u00e1k"},"content":{"rendered":"<div class='booster-block booster-read-block'><\/div><p>B\u0151s\u00e9ges \u00e9veknek n\u00e9z\u00fcnk el\u00e9be. A kor\u00e1bbi esztend\u0151kh\u00f6z viszony\u00edtva a 2008-as igen gazdag lehet, legal\u00e1bb is a mez\u0151gazdas\u00e1gban. A talaj v\u00edzben gazdag, r\u00e1ad\u00e1sul a tavasszal elvetett term\u00e9nyeket a vastag h\u00f3takar\u00f3 megv\u00e9dte a fagyok ellen.<br \/>\nA mez\u0151gazdas\u00e1gban \u00e9vek \u00f3ta nem kezdtek ilyen j\u00f3l. A gazd\u00e1k m\u00e1r-m\u00e1r hozz\u00e1 szoktak a kev\u00e9s csapad\u00e9khoz. 2007 december\u00e9ben viszont sok h\u00f3 esett. Ez megv\u00e9dte az elvetett n\u00f6v\u00e9nyeket a fagyokt\u00f3l. Agg\u00f3d\u00e1sra csak a h\u00f3ra r\u00e1esett \u00f3nos es\u0151 adhatott okot. Szerencs\u00e9re azonban ez nem tartott sok\u00e1ig. A h\u00f3takar\u00f3 megv\u00e9dte a term\u00e9nyt. R\u00e1ad\u00e1sul a talaj b\u0151s\u00e9gesen felsz\u00edvta mag\u00e1t v\u00edzzel. Ezek a t\u00e9nyek, valamit az, hogy a r\u00e1gcs\u00e1l\u00f3k sem okoztak sz\u00e1mottev\u0151 k\u00e1rokat, bizakod\u00e1sra adnak okot. A f\u00f6ldek min\u0151s\u00e9ge kiv\u00e1l\u00f3, m\u00e1r csak meg kell m\u0171velni azokat. J\u00f3 \u00e9s term\u00e9sben gazdag \u00e9v \u00e1ll el\u0151tt\u00fcnk, mondj\u00e1k a szakemberek. a vil\u00e1gpiacon jelenleg keresleti piac van a n\u00f6v\u00e9nytermeszt\u00e9si term\u00e9kek ir\u00e1nt. A bio\u00fczemanyag gy\u00e1raknak folyamatosan sz\u00fcks\u00e9g\u00fck van az ut\u00e1np\u00f3tl\u00e1sra. Ha a 2004-2005-\u00f6s \u00e9v \u00e1tlagterm\u00e9s\u00e9t most is tudn\u00e1k hozni, azzal el\u00e9gedettek lehetnek.<\/p>\n","protected":false},"excerpt":{"rendered":"<p>B\u0151s\u00e9ges \u00e9veknek n\u00e9z\u00fcnk el\u00e9be. A kor\u00e1bbi esztend\u0151kh\u00f6z viszony\u00edtva a 2008-as igen gazdag lehet, legal\u00e1bb is a mez\u0151gazdas\u00e1gban. A talaj v\u00edzben gazdag, r\u00e1ad\u00e1sul a tavasszal elvetett term\u00e9nyeket a vastag h\u00f3takar\u00f3 megv\u00e9dte a fagyok ellen. A mez\u0151gazdas\u00e1gban \u00e9vek \u00f3ta nem kezdtek ilyen j\u00f3l. A gazd\u00e1k m\u00e1r-m\u00e1r hozz\u00e1 szoktak a kev\u00e9s csapad\u00e9khoz. 2007 december\u00e9ben viszont sok h\u00f3 esett. [&hellip;]<\/p>\n","protected":false},"author":2,"featured_media":0,"comment_status":"open","ping_status":"open","sticky":false,"template":"","format":"standard","meta":[],"categories":[24],"tags":[],"_links":{"self":[{"href":"http:\/\/archiv.szolnoktv.hu\/index.php?rest_route=\/wp\/v2\/posts\/30064"}],"collection":[{"href":"http:\/\/archiv.szolnoktv.hu\/index.php?rest_route=\/wp\/v2\/posts"}],"about":[{"href":"http:\/\/archiv.szolnoktv.hu\/index.php?rest_route=\/wp\/v2\/types\/post"}],"author":[{"embeddable":true,"href":"http:\/\/archiv.szolnoktv.hu\/index.php?rest_route=\/wp\/v2\/users\/2"}],"replies":[{"embeddable":true,"href":"http:\/\/archiv.szolnoktv.hu\/index.php?rest_route=%2Fwp%2Fv2%2Fcomments&post=30064"}],"version-history":[{"count":1,"href":"http:\/\/archiv.szolnoktv.hu\/index.php?rest_route=\/wp\/v2\/posts\/30064\/revisions"}],"predecessor-version":[{"id":30302,"href":"http:\/\/archiv.szolnoktv.hu\/index.php?rest_route=\/wp\/v2\/posts\/30064\/revisions\/30302"}],"wp:attachment":[{"href":"http:\/\/archiv.szolnoktv.hu\/index.php?rest_route=%2Fwp%2Fv2%2Fmedia&parent=30064"}],"wp:term":[{"taxonomy":"category","embeddable":true,"href":"http:\/\/archiv.szolnoktv.hu\/index.php?rest_route=%2Fwp%2Fv2%2Fcategories&post=30064"},{"taxonomy":"post_tag","embeddable":true,"href":"http:\/\/archiv.szolnoktv.hu\/index.php?rest_route=%2Fwp%2Fv2%2Ftags&post=30064"}],"curies":[{"name":"wp","href":"https:\/\/api.w.org\/{rel}","templated":true}]}}