{"id":30062,"date":"2008-01-14T19:40:24","date_gmt":"2008-01-14T19:40:24","guid":{"rendered":"http:\/\/archiv.szolnoktv.hu\/?p=30062"},"modified":"2021-11-17T11:05:30","modified_gmt":"2021-11-17T11:05:30","slug":"alairasert-kopogtatnak","status":"publish","type":"post","link":"http:\/\/archiv.szolnoktv.hu\/?p=30062","title":{"rendered":"Al\u00e1\u00edr\u00e1s\u00e9rt kopogtatnak"},"content":{"rendered":"<div class='booster-block booster-read-block'><\/div><p>Megy\u00e9nkben is elkezd\u0151d\u00f6tt az al\u00e1\u00edr\u00e1sgy\u0171jt\u00e9s annak \u00e9rdek\u00e9ben, hogy n\u00e9pszavaz\u00e1s d\u00f6nts\u00f6n arr\u00f3l, az emberek akarj\u00e1k-e, hogy \u00fczleti \u00e9rdekelts\u00e9g\u0171 biztos\u00edt\u00f3k vegyenek r\u00e9szt az eg\u00e9szs\u00e9gbiztos\u00edt\u00e1si rendszerben. Az EDDSZ \u00e9s t\u00f6bb m\u00e1s civil szervezet aktivist\u00e1i tegnapt\u00f3l j\u00e1rj\u00e1k a h\u00e1zakat.<br \/>\n&#8220;Egyet\u00e9rt-e \u00d6n azzal<br \/>\nhogy Magyarorsz\u00e1gon ne vezess\u00e9k be a mindenki \u00e1ltal k\u00f6telez\u0151en v\u00e1lasztand\u00f3 \u00fczleti alapon m\u0171k\u00f6d\u0151 t\u00f6bb biztos\u00edt\u00f3s eg\u00e9szs\u00e9gbiztos\u00edt\u00e1st?&#8221;&#8221; &#8211; ez a k\u00e9rd\u00e9s szerepel azokon az \u00edveken<br \/>\namelyeken az al\u00e1\u00edr\u00e1sokat gy\u0171jtik az \u00faj biztos\u00edt\u00e1si t\u00f6rv\u00e9ny ellen. A t\u00f6rv\u00e9nyt december 17-\u00e9n megszavazta ugyan az Orsz\u00e1ggy\u0171l\u00e9s<\/p>\n","protected":false},"excerpt":{"rendered":"<p>Megy\u00e9nkben is elkezd\u0151d\u00f6tt az al\u00e1\u00edr\u00e1sgy\u0171jt\u00e9s annak \u00e9rdek\u00e9ben, hogy n\u00e9pszavaz\u00e1s d\u00f6nts\u00f6n arr\u00f3l, az emberek akarj\u00e1k-e, hogy \u00fczleti \u00e9rdekelts\u00e9g\u0171 biztos\u00edt\u00f3k vegyenek r\u00e9szt az eg\u00e9szs\u00e9gbiztos\u00edt\u00e1si rendszerben. Az EDDSZ \u00e9s t\u00f6bb m\u00e1s civil szervezet aktivist\u00e1i tegnapt\u00f3l j\u00e1rj\u00e1k a h\u00e1zakat. &#8220;Egyet\u00e9rt-e \u00d6n azzal hogy Magyarorsz\u00e1gon ne vezess\u00e9k be a mindenki \u00e1ltal k\u00f6telez\u0151en v\u00e1lasztand\u00f3 \u00fczleti alapon m\u0171k\u00f6d\u0151 t\u00f6bb biztos\u00edt\u00f3s eg\u00e9szs\u00e9gbiztos\u00edt\u00e1st?&#8221;&#8221; &#8211; [&hellip;]<\/p>\n","protected":false},"author":2,"featured_media":0,"comment_status":"open","ping_status":"open","sticky":false,"template":"","format":"standard","meta":[],"categories":[24],"tags":[],"_links":{"self":[{"href":"http:\/\/archiv.szolnoktv.hu\/index.php?rest_route=\/wp\/v2\/posts\/30062"}],"collection":[{"href":"http:\/\/archiv.szolnoktv.hu\/index.php?rest_route=\/wp\/v2\/posts"}],"about":[{"href":"http:\/\/archiv.szolnoktv.hu\/index.php?rest_route=\/wp\/v2\/types\/post"}],"author":[{"embeddable":true,"href":"http:\/\/archiv.szolnoktv.hu\/index.php?rest_route=\/wp\/v2\/users\/2"}],"replies":[{"embeddable":true,"href":"http:\/\/archiv.szolnoktv.hu\/index.php?rest_route=%2Fwp%2Fv2%2Fcomments&post=30062"}],"version-history":[{"count":1,"href":"http:\/\/archiv.szolnoktv.hu\/index.php?rest_route=\/wp\/v2\/posts\/30062\/revisions"}],"predecessor-version":[{"id":30304,"href":"http:\/\/archiv.szolnoktv.hu\/index.php?rest_route=\/wp\/v2\/posts\/30062\/revisions\/30304"}],"wp:attachment":[{"href":"http:\/\/archiv.szolnoktv.hu\/index.php?rest_route=%2Fwp%2Fv2%2Fmedia&parent=30062"}],"wp:term":[{"taxonomy":"category","embeddable":true,"href":"http:\/\/archiv.szolnoktv.hu\/index.php?rest_route=%2Fwp%2Fv2%2Fcategories&post=30062"},{"taxonomy":"post_tag","embeddable":true,"href":"http:\/\/archiv.szolnoktv.hu\/index.php?rest_route=%2Fwp%2Fv2%2Ftags&post=30062"}],"curies":[{"name":"wp","href":"https:\/\/api.w.org\/{rel}","templated":true}]}}