{"id":30061,"date":"2008-01-13T19:19:02","date_gmt":"2008-01-13T19:19:02","guid":{"rendered":"http:\/\/archiv.szolnoktv.hu\/?p=30061"},"modified":"2021-11-17T11:06:07","modified_gmt":"2021-11-17T11:06:07","slug":"az-elesettekre-emlekeztek","status":"publish","type":"post","link":"http:\/\/archiv.szolnoktv.hu\/?p=30061","title":{"rendered":"Az elesettekre eml\u00e9keztek"},"content":{"rendered":"<div class='booster-block booster-read-block'><\/div><p>A Don kanyarban elesett magyar katon\u00e1kra eml\u00e9keztek a h\u00e9tv\u00e9g\u00e9n. R\u00e1k\u00f3czifalv\u00e1n a H\u0151s\u00f6k ter\u00e9n szombat este eml\u00e9keztek arra a k\u00f6r\u00fclbel\u00fcl 120 ezer magyarra, aki \u00e9rtelmetlen\u00fcl vesztette \u00e9let\u00e9t a csat\u00e1ban.<br \/>\n1943. janu\u00e1r 12. Szomor\u00fa d\u00e1tum ez a magyar t\u00f6rt\u00e9nelemben. A m\u00e1sodik vil\u00e1gh\u00e1bor\u00faban n\u00e9met k\u00f6vetel\u00e9sre a m\u00e1sodik magyar hadsegeret a keleti frontra k\u00fcldt\u00e9k. A Don-kanyar Magyarorsz\u00e1g Vietnamja. Ma m\u00e1r a t\u00f6rt\u00e9nelemk\u00f6nyvekb\u0151l megismerhetj\u00fck az esem\u00e9nyeket, a r\u00e9szletes statisztika adatokat, de ez sok\u00e1ig tabu k\u00e9rd\u00e9s volt. Az 1943-as doni katasztr\u00f3fa val\u00f3di jelent\u0151s\u00e9g\u00e9t t\u00f6rt\u00e9nelem k\u00f6nyvekb\u0151l nem \u00e9rthetj\u00fck meg, csak a t\u00fal\u00e9l\u0151k visszaeml\u00e9kez\u00e9seib\u0151l. Ez a &#8211; sajnos nem teljes &#8211; \u00f6ssze\u00e1ll\u00edt\u00e1s bemutatja, hogyan \u00e9lt\u00e9k meg a t\u00f6rt\u00e9nteket az egyszer\u0171 k\u00f6zkaton\u00e1k.<\/p>\n<p>Fontos eml\u00e9kezn\u00fcnk a doni katasztr\u00f3f\u00e1ra, mert a tanuls\u00e1gai ma is aktu\u00e1lisak. A magyar vezet\u00e9s beidegz\u0151d\u00e9se &#8211; cselekv\u0151kszs\u00e9g\u00fcnk bizony\u00edt\u00e1sa sz\u00f6vets\u00e9geseinknek &#8211; \u00e9vtizedek ut\u00e1n sem v\u00e1ltozott.<\/p>\n<p>Eml\u00e9kezz\u00fcnk kegyelettel az \u00e9rtelmetlen\u00fcl elpusztult sokezer magyar katon\u00e1ra!<\/p>\n<p>A Don kanyarban k\u00f6r\u00fclbel\u00fcl 120ezer magyar katona vesztette \u00e9let\u00e9t. Az \u0151 tisztelet\u00fckre gy\u00fajtottak m\u00e9csest R\u00e1k\u00f3czifalv\u00e1n.<\/p>\n","protected":false},"excerpt":{"rendered":"<p>A Don kanyarban elesett magyar katon\u00e1kra eml\u00e9keztek a h\u00e9tv\u00e9g\u00e9n. R\u00e1k\u00f3czifalv\u00e1n a H\u0151s\u00f6k ter\u00e9n szombat este eml\u00e9keztek arra a k\u00f6r\u00fclbel\u00fcl 120 ezer magyarra, aki \u00e9rtelmetlen\u00fcl vesztette \u00e9let\u00e9t a csat\u00e1ban. 1943. janu\u00e1r 12. Szomor\u00fa d\u00e1tum ez a magyar t\u00f6rt\u00e9nelemben. A m\u00e1sodik vil\u00e1gh\u00e1bor\u00faban n\u00e9met k\u00f6vetel\u00e9sre a m\u00e1sodik magyar hadsegeret a keleti frontra k\u00fcldt\u00e9k. A Don-kanyar Magyarorsz\u00e1g Vietnamja. Ma [&hellip;]<\/p>\n","protected":false},"author":2,"featured_media":0,"comment_status":"open","ping_status":"open","sticky":false,"template":"","format":"standard","meta":[],"categories":[24],"tags":[],"_links":{"self":[{"href":"http:\/\/archiv.szolnoktv.hu\/index.php?rest_route=\/wp\/v2\/posts\/30061"}],"collection":[{"href":"http:\/\/archiv.szolnoktv.hu\/index.php?rest_route=\/wp\/v2\/posts"}],"about":[{"href":"http:\/\/archiv.szolnoktv.hu\/index.php?rest_route=\/wp\/v2\/types\/post"}],"author":[{"embeddable":true,"href":"http:\/\/archiv.szolnoktv.hu\/index.php?rest_route=\/wp\/v2\/users\/2"}],"replies":[{"embeddable":true,"href":"http:\/\/archiv.szolnoktv.hu\/index.php?rest_route=%2Fwp%2Fv2%2Fcomments&post=30061"}],"version-history":[{"count":1,"href":"http:\/\/archiv.szolnoktv.hu\/index.php?rest_route=\/wp\/v2\/posts\/30061\/revisions"}],"predecessor-version":[{"id":30305,"href":"http:\/\/archiv.szolnoktv.hu\/index.php?rest_route=\/wp\/v2\/posts\/30061\/revisions\/30305"}],"wp:attachment":[{"href":"http:\/\/archiv.szolnoktv.hu\/index.php?rest_route=%2Fwp%2Fv2%2Fmedia&parent=30061"}],"wp:term":[{"taxonomy":"category","embeddable":true,"href":"http:\/\/archiv.szolnoktv.hu\/index.php?rest_route=%2Fwp%2Fv2%2Fcategories&post=30061"},{"taxonomy":"post_tag","embeddable":true,"href":"http:\/\/archiv.szolnoktv.hu\/index.php?rest_route=%2Fwp%2Fv2%2Ftags&post=30061"}],"curies":[{"name":"wp","href":"https:\/\/api.w.org\/{rel}","templated":true}]}}