{"id":30060,"date":"2008-01-13T19:15:38","date_gmt":"2008-01-13T19:15:38","guid":{"rendered":"http:\/\/archiv.szolnoktv.hu\/?p=30060"},"modified":"2021-11-17T11:06:08","modified_gmt":"2021-11-17T11:06:08","slug":"ami-a-frigyhez-dukal","status":"publish","type":"post","link":"http:\/\/archiv.szolnoktv.hu\/?p=30060","title":{"rendered":"Ami a frigyhez duk\u00e1l"},"content":{"rendered":"<div class='booster-block booster-read-block'><\/div><p>Negyedik Esk\u00fcv\u0151i Ki\u00e1ll\u00edt\u00e1s. Lassan m\u00e1r hagyom\u00e1nynak sz\u00e1m\u00edt Szolnokon, hogy az \u00e9v elej\u00e9n 2 napra a h\u00e1zasuland\u00f3k\u00e9 a f\u0151szerep. Ahogy a ki\u00e1ll\u00edt\u00e1sra l\u00e1togat\u00f3k m\u00e1r megszokhatt\u00e1k, menyasszonyi ruh\u00e1t\u00f3l az \u00fcnnepi ter\u00edt\u00e9kig, most is volt minden, ami egy esk\u00fcv\u0151h\u00f6z n\u00e9lk\u00fcl\u00f6zhetetlen. R\u00e1ad\u00e1sk\u00e9nt a szervez\u0151k id\u00e9n egy k\u00fcl\u00f6nlegess\u00e9ggel is k\u00e9sz\u00fcltek az Aba- Nov\u00e1k Kultur\u00e1lis K\u00f6zpontban&#8230;<br \/>\nA vir\u00e1gokkal \u00e9s sok hajt\u00e1ssal d\u00edsz\u00edtett, a v\u00e1llat szabadon hagy\u00f3 ruha a favorit a menyasszonyok k\u00f6z\u00f6tt. A ruh\u00e1k \u00e1r\u00e1t tekintve a fels\u0151hat\u00e1r a csillagos \u00e9g. De v\u00e1laszt\u00e9k is van b\u0151ven: 2 emeleten \u00f6sszesen 60 stand v\u00e1rta a l\u00e1togat\u00f3kat. Ahogy a visszat\u00e9r\u0151 l\u00e1togat\u00f3k m\u00e1r megszokhatt\u00e1k, a n\u0151i mellett f\u00e9rfi \u00e9s alkalmi ruhak\u00f6lcs\u00f6nz\u0151k, cukr\u00e1szok, vir\u00e1gk\u00f6t\u0151k, v\u0151f\u00e9lyek, utaz\u00e1si irod\u00e1k \u00e9s f\u00e9nyk\u00e9p\u00e9szek is ki\u00e1ll\u00edtottak. A rendezv\u00e9ny f\u0151szervez\u0151je azonban egy k\u00fcl\u00f6nlegess\u00e9ggel is k\u00e9sz\u00fclt a h\u00e9tv\u00e9g\u00e9re: a magyarok kedvenc kir\u00e1lyn\u0151j\u00e9nek, Sisinek az  esk\u00fcv\u0151i ruh\u00e1ja is megcsod\u00e1lhat\u00f3 volt. B\u00e1r ez csak reprodukci\u00f3, hiszen az eredetib\u0151l csak a B\u00e9csben \u0151rz\u00f6tt usz\u00e1ly maradt meg. \u00c1m ez ugyanazzal a technik\u00e1val, ugyanolyan c\u00e9rn\u00e1b\u00f3l \u00e9s ugyanabb\u00f3l a ripsz szat\u00e9nb\u00f3l k\u00e9sz\u00fclt, mint az, amit Erzs\u00e9bet Kir\u00e1lyn\u00e9 1854-ben viselt. Aki teh\u00e1t ahhoz kapott kedvet, hogy Sisi kir\u00e1lyn\u00e9 ruh\u00e1j\u00e1ban pomp\u00e1zzon azon a bizonyos nagy napon, azt is megteheti: csak a h\u00e1tulr\u00f3l felcsatolt, 3 \u00e9s f\u00e9l m\u00e9ter hossz\u00fa usz\u00e1lyt kell tudnia maga ut\u00e1n h\u00fazni.<\/p>\n","protected":false},"excerpt":{"rendered":"<p>Negyedik Esk\u00fcv\u0151i Ki\u00e1ll\u00edt\u00e1s. Lassan m\u00e1r hagyom\u00e1nynak sz\u00e1m\u00edt Szolnokon, hogy az \u00e9v elej\u00e9n 2 napra a h\u00e1zasuland\u00f3k\u00e9 a f\u0151szerep. Ahogy a ki\u00e1ll\u00edt\u00e1sra l\u00e1togat\u00f3k m\u00e1r megszokhatt\u00e1k, menyasszonyi ruh\u00e1t\u00f3l az \u00fcnnepi ter\u00edt\u00e9kig, most is volt minden, ami egy esk\u00fcv\u0151h\u00f6z n\u00e9lk\u00fcl\u00f6zhetetlen. R\u00e1ad\u00e1sk\u00e9nt a szervez\u0151k id\u00e9n egy k\u00fcl\u00f6nlegess\u00e9ggel is k\u00e9sz\u00fcltek az Aba- Nov\u00e1k Kultur\u00e1lis K\u00f6zpontban&#8230; A vir\u00e1gokkal \u00e9s sok hajt\u00e1ssal [&hellip;]<\/p>\n","protected":false},"author":2,"featured_media":0,"comment_status":"open","ping_status":"open","sticky":false,"template":"","format":"standard","meta":[],"categories":[24],"tags":[],"_links":{"self":[{"href":"http:\/\/archiv.szolnoktv.hu\/index.php?rest_route=\/wp\/v2\/posts\/30060"}],"collection":[{"href":"http:\/\/archiv.szolnoktv.hu\/index.php?rest_route=\/wp\/v2\/posts"}],"about":[{"href":"http:\/\/archiv.szolnoktv.hu\/index.php?rest_route=\/wp\/v2\/types\/post"}],"author":[{"embeddable":true,"href":"http:\/\/archiv.szolnoktv.hu\/index.php?rest_route=\/wp\/v2\/users\/2"}],"replies":[{"embeddable":true,"href":"http:\/\/archiv.szolnoktv.hu\/index.php?rest_route=%2Fwp%2Fv2%2Fcomments&post=30060"}],"version-history":[{"count":1,"href":"http:\/\/archiv.szolnoktv.hu\/index.php?rest_route=\/wp\/v2\/posts\/30060\/revisions"}],"predecessor-version":[{"id":30306,"href":"http:\/\/archiv.szolnoktv.hu\/index.php?rest_route=\/wp\/v2\/posts\/30060\/revisions\/30306"}],"wp:attachment":[{"href":"http:\/\/archiv.szolnoktv.hu\/index.php?rest_route=%2Fwp%2Fv2%2Fmedia&parent=30060"}],"wp:term":[{"taxonomy":"category","embeddable":true,"href":"http:\/\/archiv.szolnoktv.hu\/index.php?rest_route=%2Fwp%2Fv2%2Fcategories&post=30060"},{"taxonomy":"post_tag","embeddable":true,"href":"http:\/\/archiv.szolnoktv.hu\/index.php?rest_route=%2Fwp%2Fv2%2Ftags&post=30060"}],"curies":[{"name":"wp","href":"https:\/\/api.w.org\/{rel}","templated":true}]}}