{"id":30058,"date":"2008-01-11T20:31:41","date_gmt":"2008-01-11T20:31:41","guid":{"rendered":"http:\/\/archiv.szolnoktv.hu\/?p=30058"},"modified":"2021-11-17T11:06:08","modified_gmt":"2021-11-17T11:06:08","slug":"doni-megemlekezes-5","status":"publish","type":"post","link":"http:\/\/archiv.szolnoktv.hu\/?p=30058","title":{"rendered":"Doni megeml\u00e9kez\u00e9s"},"content":{"rendered":"<div class='booster-block booster-read-block'><\/div><p>\u00c9rtelmetlen \u00e1ldozat. Sok \u00e9ven kereszt\u00fcl tabut\u00e9m\u00e1nak sz\u00e1m\u00edtott, mi t\u00f6rt\u00e9nt 1943. janu\u00e1r 12-\u00e9n a Don- kanyarban. Szolnokon ma a H\u0151s\u00f6k ter\u00e9n eml\u00e9keztek meg arra a k\u00f6zel 140ezer magyarra, aki 65 \u00e9vvel ezel\u0151tt esett el a II. vil\u00e1gh\u00e1bor\u00faban.<br \/>\nA Doni -csat\u00e1t a v\u00e1ltoz\u00f3 politikai vezet\u00e9s \u00e9rt\u00e9kelte trag\u00e9diak\u00e9nt, m\u00e1skor meg dics\u0151s\u00e9ges helyt\u00e1ll\u00e1sk\u00e9nt. Volt, hogy egy\u00e1ltal\u00e1n nem lehetett besz\u00e9lni r\u00f3la. M\u00e1ra az \u00e9rtelmetlen \u00e1ldozat szimb\u00f3lum\u00e1v\u00e1 v\u00e1lt. A szovjetek V\u00f6r\u00f6s Hadserege 1943. janu\u00e1r 12-\u00e9n kezdte meg ellent\u00e1mad\u00e1s\u00e1t a befagyott Don foly\u00f3n \u00e1tkelve, amit a gyeng\u00e9n felszerelt 2. Magyar Hadsereg nem tudott meg\u00e1ll\u00edtani. A harcokban 47 ezer katona, 15ezer munkaszolg\u00e1latos esett el, vagy fagyott meg, 90 ezren ker\u00fcltek hadifogs\u00e1gba; a t\u00f6rt\u00e9n\u00e9szek szerint k\u00f6zel 140ezer magyar halt meg \u00e9rtelmetlen\u00fcl. Koszor\u00faz\u00e1ssal eml\u00e9keztek r\u00e1juk ma d\u00e9lel\u0151tt a H\u0151s\u00f6k ter\u00e9n, a Magyar Golgota szoborn\u00e1l. Az \u00fcnnepi besz\u00e9dben elhangzott: t\u00f6rt\u00e9nelm\u00fcnk sor\u00e1n hasonl\u00f3 vesztes\u00e9g csak Moh\u00e1csn\u00e1l \u00e9rte a magyarokat.<\/p>\n","protected":false},"excerpt":{"rendered":"<p>\u00c9rtelmetlen \u00e1ldozat. Sok \u00e9ven kereszt\u00fcl tabut\u00e9m\u00e1nak sz\u00e1m\u00edtott, mi t\u00f6rt\u00e9nt 1943. janu\u00e1r 12-\u00e9n a Don- kanyarban. Szolnokon ma a H\u0151s\u00f6k ter\u00e9n eml\u00e9keztek meg arra a k\u00f6zel 140ezer magyarra, aki 65 \u00e9vvel ezel\u0151tt esett el a II. vil\u00e1gh\u00e1bor\u00faban. A Doni -csat\u00e1t a v\u00e1ltoz\u00f3 politikai vezet\u00e9s \u00e9rt\u00e9kelte trag\u00e9diak\u00e9nt, m\u00e1skor meg dics\u0151s\u00e9ges helyt\u00e1ll\u00e1sk\u00e9nt. Volt, hogy egy\u00e1ltal\u00e1n nem lehetett besz\u00e9lni [&hellip;]<\/p>\n","protected":false},"author":2,"featured_media":0,"comment_status":"open","ping_status":"open","sticky":false,"template":"","format":"standard","meta":[],"categories":[24],"tags":[],"_links":{"self":[{"href":"http:\/\/archiv.szolnoktv.hu\/index.php?rest_route=\/wp\/v2\/posts\/30058"}],"collection":[{"href":"http:\/\/archiv.szolnoktv.hu\/index.php?rest_route=\/wp\/v2\/posts"}],"about":[{"href":"http:\/\/archiv.szolnoktv.hu\/index.php?rest_route=\/wp\/v2\/types\/post"}],"author":[{"embeddable":true,"href":"http:\/\/archiv.szolnoktv.hu\/index.php?rest_route=\/wp\/v2\/users\/2"}],"replies":[{"embeddable":true,"href":"http:\/\/archiv.szolnoktv.hu\/index.php?rest_route=%2Fwp%2Fv2%2Fcomments&post=30058"}],"version-history":[{"count":1,"href":"http:\/\/archiv.szolnoktv.hu\/index.php?rest_route=\/wp\/v2\/posts\/30058\/revisions"}],"predecessor-version":[{"id":30308,"href":"http:\/\/archiv.szolnoktv.hu\/index.php?rest_route=\/wp\/v2\/posts\/30058\/revisions\/30308"}],"wp:attachment":[{"href":"http:\/\/archiv.szolnoktv.hu\/index.php?rest_route=%2Fwp%2Fv2%2Fmedia&parent=30058"}],"wp:term":[{"taxonomy":"category","embeddable":true,"href":"http:\/\/archiv.szolnoktv.hu\/index.php?rest_route=%2Fwp%2Fv2%2Fcategories&post=30058"},{"taxonomy":"post_tag","embeddable":true,"href":"http:\/\/archiv.szolnoktv.hu\/index.php?rest_route=%2Fwp%2Fv2%2Ftags&post=30058"}],"curies":[{"name":"wp","href":"https:\/\/api.w.org\/{rel}","templated":true}]}}