{"id":30057,"date":"2008-01-11T20:30:23","date_gmt":"2008-01-11T20:30:23","guid":{"rendered":"http:\/\/archiv.szolnoktv.hu\/?p=30057"},"modified":"2021-11-17T11:06:08","modified_gmt":"2021-11-17T11:06:08","slug":"kevesebb-igenylo","status":"publish","type":"post","link":"http:\/\/archiv.szolnoktv.hu\/?p=30057","title":{"rendered":"Kevesebb ig\u00e9nyl\u0151"},"content":{"rendered":"<div class='booster-block booster-read-block'><\/div><p>B\u0151v\u00fclt a g\u00e1z\u00e1rt\u00e1mogat\u00e1sra jogosultak k\u00f6re. Az \u00f6regs\u00e9gi nyugd\u00edjminimum emelked\u00e9s\u00e9vel az egy f\u0151re jut\u00f3 nett\u00f3 kereset hat\u00e1ra is emelkedett. Ennek ellen\u00e9re a v\u00e1rtn\u00e1l j\u00f3val kevesebben adt\u00e1k le g\u00e1z\u00e1rt\u00e1mogat\u00e1si ig\u00e9ny\u00fcket.<br \/>\n2008 janu\u00e1rt\u00f3l 28500 forintra emelkedett az \u00f6regs\u00e9gi nyugd\u00edjminimum. Ebb\u0151l kifoly\u00f3lag n\u0151tt azok k\u00f6re is, akik ig\u00e9nyelhetnek g\u00e1z\u00e1rt\u00e1mogat\u00e1st. \u00cdgy a kor\u00e1bbiakn\u00e1l t\u00f6bb csal\u00e1d \u00e9lhet a lehet\u0151s\u00e9ggel, hiszen az egy f\u0151re jut\u00f3 nett\u00f3 j\u00f6vedelem fels\u0151 hat\u00e1ra is emelkedett. Ez az \u00e9v elej\u00e9t\u0151l 99750 forint. B\u00e1r a felt\u00e9telek kedvez\u0151bbek mint kor\u00e1bban, m\u00e9gis kevesebben kevesebben adt\u00e1k be k\u00e9relm\u00fcket.  A Magyar \u00c1llamkincst\u00e1r munkat\u00e1rsai \u00fagy gondolt\u00e1k, hogy a kedvez\u0151bb felt\u00e9telek miatt t\u00f6bben adj\u00e1k le janu\u00e1rban az ig\u00e9ny\u00fcket, de ez a sz\u00e1m eddig szinte minim\u00e1lis, 2602. A t\u00e1mogatotti k\u00f6rt n\u00e9gy kateg\u00f3ri\u00e1ra lehet osztani. Mindig akadnak azonban olyanok, akik b\u00e1r nem jogosultak a t\u00e1mogat\u00e1sra, m\u00e9gis beadj\u00e1k ig\u00e9ny\u00fcket. Az eddig be\u00e9rkezett k\u00e9relmek k\u00f6z\u00fcl 1011-et utas\u00edtottak vissza. Fontos tudni, hogy a meg\u00e1llap\u00edtott t\u00e1mogat\u00e1s m\u00e9rt\u00e9k\u00e9t \u00e9v k\u00f6zben m\u00f3dos\u00edtani nem lehet. Valamint visszamen\u0151legesen nem lehet ig\u00e9nyelni.<\/p>\n","protected":false},"excerpt":{"rendered":"<p>B\u0151v\u00fclt a g\u00e1z\u00e1rt\u00e1mogat\u00e1sra jogosultak k\u00f6re. Az \u00f6regs\u00e9gi nyugd\u00edjminimum emelked\u00e9s\u00e9vel az egy f\u0151re jut\u00f3 nett\u00f3 kereset hat\u00e1ra is emelkedett. Ennek ellen\u00e9re a v\u00e1rtn\u00e1l j\u00f3val kevesebben adt\u00e1k le g\u00e1z\u00e1rt\u00e1mogat\u00e1si ig\u00e9ny\u00fcket. 2008 janu\u00e1rt\u00f3l 28500 forintra emelkedett az \u00f6regs\u00e9gi nyugd\u00edjminimum. Ebb\u0151l kifoly\u00f3lag n\u0151tt azok k\u00f6re is, akik ig\u00e9nyelhetnek g\u00e1z\u00e1rt\u00e1mogat\u00e1st. \u00cdgy a kor\u00e1bbiakn\u00e1l t\u00f6bb csal\u00e1d \u00e9lhet a lehet\u0151s\u00e9ggel, hiszen az [&hellip;]<\/p>\n","protected":false},"author":2,"featured_media":0,"comment_status":"open","ping_status":"open","sticky":false,"template":"","format":"standard","meta":[],"categories":[24],"tags":[],"_links":{"self":[{"href":"http:\/\/archiv.szolnoktv.hu\/index.php?rest_route=\/wp\/v2\/posts\/30057"}],"collection":[{"href":"http:\/\/archiv.szolnoktv.hu\/index.php?rest_route=\/wp\/v2\/posts"}],"about":[{"href":"http:\/\/archiv.szolnoktv.hu\/index.php?rest_route=\/wp\/v2\/types\/post"}],"author":[{"embeddable":true,"href":"http:\/\/archiv.szolnoktv.hu\/index.php?rest_route=\/wp\/v2\/users\/2"}],"replies":[{"embeddable":true,"href":"http:\/\/archiv.szolnoktv.hu\/index.php?rest_route=%2Fwp%2Fv2%2Fcomments&post=30057"}],"version-history":[{"count":1,"href":"http:\/\/archiv.szolnoktv.hu\/index.php?rest_route=\/wp\/v2\/posts\/30057\/revisions"}],"predecessor-version":[{"id":30309,"href":"http:\/\/archiv.szolnoktv.hu\/index.php?rest_route=\/wp\/v2\/posts\/30057\/revisions\/30309"}],"wp:attachment":[{"href":"http:\/\/archiv.szolnoktv.hu\/index.php?rest_route=%2Fwp%2Fv2%2Fmedia&parent=30057"}],"wp:term":[{"taxonomy":"category","embeddable":true,"href":"http:\/\/archiv.szolnoktv.hu\/index.php?rest_route=%2Fwp%2Fv2%2Fcategories&post=30057"},{"taxonomy":"post_tag","embeddable":true,"href":"http:\/\/archiv.szolnoktv.hu\/index.php?rest_route=%2Fwp%2Fv2%2Ftags&post=30057"}],"curies":[{"name":"wp","href":"https:\/\/api.w.org\/{rel}","templated":true}]}}