{"id":30056,"date":"2008-01-11T20:27:39","date_gmt":"2008-01-11T20:27:39","guid":{"rendered":"http:\/\/archiv.szolnoktv.hu\/?p=30056"},"modified":"2021-11-17T11:06:08","modified_gmt":"2021-11-17T11:06:08","slug":"forditott-afa","status":"publish","type":"post","link":"http:\/\/archiv.szolnoktv.hu\/?p=30056","title":{"rendered":"Ford\u00edtott \u00c1FA"},"content":{"rendered":"<div class='booster-block booster-read-block'><\/div><p>Rosszulj\u00e1rt ev\u00e1sok. Janu\u00e1r 1-t\u0151l l\u00e9pett hat\u00e1lyba a ford\u00edtott \u00e1f\u00e1z\u00e1s.  Ennek az  a l\u00e9nyege, hogy az \u00e1f\u00e1t m\u00e1r nem a szolg\u00e1ltat\u00f3, hanem a megrendel\u0151 vagy a vev\u0151 fizeti. Az \u00faj szab\u00e1lyoz\u00e1s n\u00e9h\u00e1ny, az eva ad\u00f3k\u00f6rbe tartoz\u00f3nak ak\u00e1r 20%-os bev\u00e9tel kies\u00e9st  is okozhat.<br \/>\nA ford\u00edtott ad\u00f3z\u00e1s m\u00e1r kor\u00e1bban is l\u00e9tezett, csak eddig a hullad\u00e9kkereskedelem ter\u00fclet\u00e9n volt \u00e9rv\u00e9nyben. A szab\u00e1lyoz\u00e1s szerint az \u00e1f\u00e1t, nem a keresked\u0151 fizette.  Janu\u00e1r 1-t\u0151l ez m\u00e1r t\u00f6bb v\u00e1llalkoz\u00f3t is \u00e9rint- t\u00e1j\u00e9koztat az apeh munkat\u00e1rsa. A ford\u00edtott ad\u00f3z\u00e1s szab\u00e1lyait csak akkor lehet alkalmazni, ha a szolg\u00e1ltat\u00e1s ny\u00fajt\u00f3ja \u00e9s megrendel\u0151je is nyilv\u00e1ntartott ad\u00f3alany, valamint az \u00e1fafizet\u00e9si k\u00f6rbe tartozik. Teh\u00e1t, ez az \u00faj szab\u00e1lyoz\u00e1s,  nem vonatkozik a mag\u00e1nszem\u00e9lyekre \u00e9s az alanyi ad\u00f3mentesekre. A \u00e1f\u00e1ssz\u00e1mla kibocs\u00e1jt\u00f3ja \u00e9s a befogad\u00f3ja viszont lehet ev\u00e1s. Befogad\u00f3k\u00e9nt azonban ezek a v\u00e1llalkoz\u00f3k nem \u00e9lhetnek  ad\u00f3levon\u00e1si joggal. A v\u00e1ltoz\u00e1s nagy r\u00e9szt az \u00e9p\u00edt\u0151iparban tev\u00e9kenyked\u0151 ev\u00e1sokat \u00e9rinti. A sz\u00e1mla kit\u00f6lt\u00e9sekor csak a term\u00e9k, vagy a szolg\u00e1ltat\u00e1s nett\u00f3 \u00e9rt\u00e9k\u00e9t t\u00fcntetik fel. A kibocs\u00e1jt\u00f3nak r\u00e1  kell \u00edrni azt is, hogy az ad\u00f3t, azaz az \u00e1f\u00e1t a megrendel\u0151 vagy a vev\u0151 fizeti, valamint a vev\u0151 ad\u00f3sz\u00e1m\u00e1t is. Az \u00faj szab\u00e1lyoz\u00e1s szerint teh\u00e1t, az ev\u00e1s v\u00e1llakoz\u00f3 nem sz\u00e1m\u00edthat fel \u00e1f\u00e1t, \u00edgy viszont a bev\u00e9tele, egyes sz\u00e1m\u00edt\u00e1sok szerint ak\u00e1r 20%-al is cs\u00f6kkenhet. Ez\u00e9rt, hogy talpon maradjon, csak egyet tehet, \u00e1rat emel.<\/p>\n","protected":false},"excerpt":{"rendered":"<p>Rosszulj\u00e1rt ev\u00e1sok. Janu\u00e1r 1-t\u0151l l\u00e9pett hat\u00e1lyba a ford\u00edtott \u00e1f\u00e1z\u00e1s. Ennek az a l\u00e9nyege, hogy az \u00e1f\u00e1t m\u00e1r nem a szolg\u00e1ltat\u00f3, hanem a megrendel\u0151 vagy a vev\u0151 fizeti. Az \u00faj szab\u00e1lyoz\u00e1s n\u00e9h\u00e1ny, az eva ad\u00f3k\u00f6rbe tartoz\u00f3nak ak\u00e1r 20%-os bev\u00e9tel kies\u00e9st is okozhat. A ford\u00edtott ad\u00f3z\u00e1s m\u00e1r kor\u00e1bban is l\u00e9tezett, csak eddig a hullad\u00e9kkereskedelem ter\u00fclet\u00e9n volt \u00e9rv\u00e9nyben. [&hellip;]<\/p>\n","protected":false},"author":2,"featured_media":0,"comment_status":"open","ping_status":"open","sticky":false,"template":"","format":"standard","meta":[],"categories":[24],"tags":[],"_links":{"self":[{"href":"http:\/\/archiv.szolnoktv.hu\/index.php?rest_route=\/wp\/v2\/posts\/30056"}],"collection":[{"href":"http:\/\/archiv.szolnoktv.hu\/index.php?rest_route=\/wp\/v2\/posts"}],"about":[{"href":"http:\/\/archiv.szolnoktv.hu\/index.php?rest_route=\/wp\/v2\/types\/post"}],"author":[{"embeddable":true,"href":"http:\/\/archiv.szolnoktv.hu\/index.php?rest_route=\/wp\/v2\/users\/2"}],"replies":[{"embeddable":true,"href":"http:\/\/archiv.szolnoktv.hu\/index.php?rest_route=%2Fwp%2Fv2%2Fcomments&post=30056"}],"version-history":[{"count":1,"href":"http:\/\/archiv.szolnoktv.hu\/index.php?rest_route=\/wp\/v2\/posts\/30056\/revisions"}],"predecessor-version":[{"id":30310,"href":"http:\/\/archiv.szolnoktv.hu\/index.php?rest_route=\/wp\/v2\/posts\/30056\/revisions\/30310"}],"wp:attachment":[{"href":"http:\/\/archiv.szolnoktv.hu\/index.php?rest_route=%2Fwp%2Fv2%2Fmedia&parent=30056"}],"wp:term":[{"taxonomy":"category","embeddable":true,"href":"http:\/\/archiv.szolnoktv.hu\/index.php?rest_route=%2Fwp%2Fv2%2Fcategories&post=30056"},{"taxonomy":"post_tag","embeddable":true,"href":"http:\/\/archiv.szolnoktv.hu\/index.php?rest_route=%2Fwp%2Fv2%2Ftags&post=30056"}],"curies":[{"name":"wp","href":"https:\/\/api.w.org\/{rel}","templated":true}]}}