{"id":30053,"date":"2008-01-11T20:22:03","date_gmt":"2008-01-11T20:22:03","guid":{"rendered":"http:\/\/archiv.szolnoktv.hu\/?p=30053"},"modified":"2021-11-17T11:06:08","modified_gmt":"2021-11-17T11:06:08","slug":"felre-vezeto","status":"publish","type":"post","link":"http:\/\/archiv.szolnoktv.hu\/?p=30053","title":{"rendered":"F\u00e9lre vezet\u0151!"},"content":{"rendered":"<div class='booster-block booster-read-block'><\/div><p>T\u00e9ves inform\u00e1ci\u00f3 a t\u00e1j\u00e9koztat\u00f3 t\u00e1bl\u00e1n. Novemberben \u00e9p\u00edtett\u00e9k \u00e1t a Szabads\u00e1g t\u00e9ret jelz\u0151l\u00e1mp\u00e1s keresztez\u0151d\u00e9ss\u00e9. A Zagyva h\u00eddon \u00e1ll\u00f3 t\u00e1bla azonban m\u00e9g mindig a k\u00f6rforgalmra h\u00edvja fel az aut\u00f3sok figyelm\u00e9t.<br \/>\nM\u00e1r r\u00e9g le kellett volna venni ezeket a t\u00e1bl\u00e1kat, tudtuk meg az illet\u00e9kesekt\u0151l. Elmondt\u00e1k: a v\u00e1ltoz\u00e1sr\u00f3l \u0151k t\u00e1j\u00e9koztattak, m\u00e9g pedig egy rik\u00edt\u00f3 narancss\u00e1rga t\u00e1bl\u00e1val h\u00edvj\u00e1k fel az aut\u00f3val k\u00f6zleked\u0151k figyelm\u00e9t, v\u00e1ltozott a forgami rend.   A t\u00e1bl\u00e1t a Zagyva h\u00edd k\u00f6zep\u00e9n helyezt\u00e9k el. A figyelmeztet\u00e9s azonban nem egy\u00e9rtelm\u0171, hiszen k\u00e9t m\u00e1sik t\u00e1j\u00e9koztat\u00f3 t\u00e1bla k\u00f6z\u00e9 rekt\u00e1k.  Ezek azt mutatj\u00e1k, a csom\u00f3pontb\u00f3l a Tisza h\u00eddra is fel lehet hajtani. Ez viszont m\u00e1r lassan m\u00e1sf\u00e9l h\u00f3napja a KRESZ szerint nem lehets\u00e9ges. Nem \u00e1rt a fokozott figyelem az Ady Endre \u00faton, az \u00c1NTSZ el\u0151tt sem. Ott ugyanis cs\u0151t\u00f6r\u00e9s miatt a n\u00e9gyb\u0151l k\u00e9t s\u00e1vot lez\u00e1rtak, \u00edgy csak k\u00e9tszer egy s\u00e1von lehet k\u00f6zlekedni. Az aszfaltoz\u00e1st j\u00f6v\u0151h\u00e9ten v\u00e9gzik el, addig vaslemezekkel fedik le a  ki\u00e1sott g\u00f6dr\u00f6t.<\/p>\n","protected":false},"excerpt":{"rendered":"<p>T\u00e9ves inform\u00e1ci\u00f3 a t\u00e1j\u00e9koztat\u00f3 t\u00e1bl\u00e1n. Novemberben \u00e9p\u00edtett\u00e9k \u00e1t a Szabads\u00e1g t\u00e9ret jelz\u0151l\u00e1mp\u00e1s keresztez\u0151d\u00e9ss\u00e9. A Zagyva h\u00eddon \u00e1ll\u00f3 t\u00e1bla azonban m\u00e9g mindig a k\u00f6rforgalmra h\u00edvja fel az aut\u00f3sok figyelm\u00e9t. M\u00e1r r\u00e9g le kellett volna venni ezeket a t\u00e1bl\u00e1kat, tudtuk meg az illet\u00e9kesekt\u0151l. Elmondt\u00e1k: a v\u00e1ltoz\u00e1sr\u00f3l \u0151k t\u00e1j\u00e9koztattak, m\u00e9g pedig egy rik\u00edt\u00f3 narancss\u00e1rga t\u00e1bl\u00e1val h\u00edvj\u00e1k fel az [&hellip;]<\/p>\n","protected":false},"author":2,"featured_media":0,"comment_status":"open","ping_status":"open","sticky":false,"template":"","format":"standard","meta":[],"categories":[24],"tags":[],"_links":{"self":[{"href":"http:\/\/archiv.szolnoktv.hu\/index.php?rest_route=\/wp\/v2\/posts\/30053"}],"collection":[{"href":"http:\/\/archiv.szolnoktv.hu\/index.php?rest_route=\/wp\/v2\/posts"}],"about":[{"href":"http:\/\/archiv.szolnoktv.hu\/index.php?rest_route=\/wp\/v2\/types\/post"}],"author":[{"embeddable":true,"href":"http:\/\/archiv.szolnoktv.hu\/index.php?rest_route=\/wp\/v2\/users\/2"}],"replies":[{"embeddable":true,"href":"http:\/\/archiv.szolnoktv.hu\/index.php?rest_route=%2Fwp%2Fv2%2Fcomments&post=30053"}],"version-history":[{"count":1,"href":"http:\/\/archiv.szolnoktv.hu\/index.php?rest_route=\/wp\/v2\/posts\/30053\/revisions"}],"predecessor-version":[{"id":30313,"href":"http:\/\/archiv.szolnoktv.hu\/index.php?rest_route=\/wp\/v2\/posts\/30053\/revisions\/30313"}],"wp:attachment":[{"href":"http:\/\/archiv.szolnoktv.hu\/index.php?rest_route=%2Fwp%2Fv2%2Fmedia&parent=30053"}],"wp:term":[{"taxonomy":"category","embeddable":true,"href":"http:\/\/archiv.szolnoktv.hu\/index.php?rest_route=%2Fwp%2Fv2%2Fcategories&post=30053"},{"taxonomy":"post_tag","embeddable":true,"href":"http:\/\/archiv.szolnoktv.hu\/index.php?rest_route=%2Fwp%2Fv2%2Ftags&post=30053"}],"curies":[{"name":"wp","href":"https:\/\/api.w.org\/{rel}","templated":true}]}}