{"id":30052,"date":"2008-01-11T20:20:58","date_gmt":"2008-01-11T20:20:58","guid":{"rendered":"http:\/\/archiv.szolnoktv.hu\/?p=30052"},"modified":"2021-11-17T11:06:08","modified_gmt":"2021-11-17T11:06:08","slug":"alairasgyujtes-2","status":"publish","type":"post","link":"http:\/\/archiv.szolnoktv.hu\/?p=30052","title":{"rendered":"Al\u00e1\u00edr\u00e1sgy\u0171jt\u00e9s"},"content":{"rendered":"<div class='booster-block booster-read-block'><\/div><p>Meg nem er\u0151s\u00edtett inform\u00e1ci\u00f3 szerint a Het\u00e9nyi G\u00e9za K\u00f3rh\u00e1zban m\u00e9g nem kezd\u0151d\u00f6tt meg az al\u00e1\u00edr\u00e1sgy\u0171jt\u00e9s annak \u00e9rdek\u00e9ben, hogy n\u00e9pszavaz\u00e1s d\u00f6nts\u00f6n arr\u00f3l, az emberek akarj\u00e1k-e, hogy \u00fczleti \u00e9rdekelts\u00e9g\u0171 biztos\u00edt\u00f3k vegyenek r\u00e9szt az eg\u00e9szs\u00e9gbiztos\u00edt\u00e1si rendszerben. A n\u00e9pszavaz\u00e1si kezdem\u00e9nyez\u00e9shez azonban v\u00e1rhat\u00f3an t\u00f6bb szolnoki szakszervezet is csatlakozik hamarosan.<br \/>\nJanu\u00e1r 9-\u00e9n, szerd\u00e1n megkezd\u0151d\u00f6tt az al\u00e1\u00edr\u00e1sgy\u0171jt\u00e9s a nyeres\u00e9g\u00e9rdekelt biztos\u00edt\u00f3k ellen. A n\u00e9pszavaz\u00e1son felteend\u0151 k\u00e9rd\u00e9s &#8211; amelyet az Orsz\u00e1gos V\u00e1laszt\u00e1si Bizotts\u00e1g hiteles\u00edtett &#8211; \u00fagy sz\u00f3l: &#8220;Egyet\u00e9rt-e \u00d6n azzal<br \/>\nhogy Magyarorsz\u00e1gon ne vezess\u00e9k be a mindenki \u00e1ltal k\u00f6telez\u0151en v\u00e1lasztand\u00f3<br \/>\n\u00fczleti alapon m\u0171k\u00f6d\u0151 t\u00f6bb-biztos\u00edt\u00f3s eg\u00e9szs\u00e9gbiztos\u00edt\u00e1st?&#8221;&#8221;. Az els\u0151 al\u00e1\u00edr\u00f3k a n\u00e9pszavaz\u00e1si kezdem\u00e9nyez\u00e9shez csatlakoz\u00f3 civil szervezetek<\/p>\n","protected":false},"excerpt":{"rendered":"<p>Meg nem er\u0151s\u00edtett inform\u00e1ci\u00f3 szerint a Het\u00e9nyi G\u00e9za K\u00f3rh\u00e1zban m\u00e9g nem kezd\u0151d\u00f6tt meg az al\u00e1\u00edr\u00e1sgy\u0171jt\u00e9s annak \u00e9rdek\u00e9ben, hogy n\u00e9pszavaz\u00e1s d\u00f6nts\u00f6n arr\u00f3l, az emberek akarj\u00e1k-e, hogy \u00fczleti \u00e9rdekelts\u00e9g\u0171 biztos\u00edt\u00f3k vegyenek r\u00e9szt az eg\u00e9szs\u00e9gbiztos\u00edt\u00e1si rendszerben. A n\u00e9pszavaz\u00e1si kezdem\u00e9nyez\u00e9shez azonban v\u00e1rhat\u00f3an t\u00f6bb szolnoki szakszervezet is csatlakozik hamarosan. Janu\u00e1r 9-\u00e9n, szerd\u00e1n megkezd\u0151d\u00f6tt az al\u00e1\u00edr\u00e1sgy\u0171jt\u00e9s a nyeres\u00e9g\u00e9rdekelt biztos\u00edt\u00f3k ellen. A [&hellip;]<\/p>\n","protected":false},"author":2,"featured_media":0,"comment_status":"open","ping_status":"open","sticky":false,"template":"","format":"standard","meta":[],"categories":[24],"tags":[],"_links":{"self":[{"href":"http:\/\/archiv.szolnoktv.hu\/index.php?rest_route=\/wp\/v2\/posts\/30052"}],"collection":[{"href":"http:\/\/archiv.szolnoktv.hu\/index.php?rest_route=\/wp\/v2\/posts"}],"about":[{"href":"http:\/\/archiv.szolnoktv.hu\/index.php?rest_route=\/wp\/v2\/types\/post"}],"author":[{"embeddable":true,"href":"http:\/\/archiv.szolnoktv.hu\/index.php?rest_route=\/wp\/v2\/users\/2"}],"replies":[{"embeddable":true,"href":"http:\/\/archiv.szolnoktv.hu\/index.php?rest_route=%2Fwp%2Fv2%2Fcomments&post=30052"}],"version-history":[{"count":1,"href":"http:\/\/archiv.szolnoktv.hu\/index.php?rest_route=\/wp\/v2\/posts\/30052\/revisions"}],"predecessor-version":[{"id":30314,"href":"http:\/\/archiv.szolnoktv.hu\/index.php?rest_route=\/wp\/v2\/posts\/30052\/revisions\/30314"}],"wp:attachment":[{"href":"http:\/\/archiv.szolnoktv.hu\/index.php?rest_route=%2Fwp%2Fv2%2Fmedia&parent=30052"}],"wp:term":[{"taxonomy":"category","embeddable":true,"href":"http:\/\/archiv.szolnoktv.hu\/index.php?rest_route=%2Fwp%2Fv2%2Fcategories&post=30052"},{"taxonomy":"post_tag","embeddable":true,"href":"http:\/\/archiv.szolnoktv.hu\/index.php?rest_route=%2Fwp%2Fv2%2Ftags&post=30052"}],"curies":[{"name":"wp","href":"https:\/\/api.w.org\/{rel}","templated":true}]}}