{"id":30051,"date":"2008-01-11T20:17:41","date_gmt":"2008-01-11T20:17:41","guid":{"rendered":"http:\/\/archiv.szolnoktv.hu\/?p=30051"},"modified":"2021-11-17T11:06:08","modified_gmt":"2021-11-17T11:06:08","slug":"birosagi-atrocitasok","status":"publish","type":"post","link":"http:\/\/archiv.szolnoktv.hu\/?p=30051","title":{"rendered":"B\u00edr\u00f3s\u00e1gi atrocit\u00e1sok"},"content":{"rendered":"<div class='booster-block booster-read-block'><\/div><p>Egy polg\u00e1ri peres elj\u00e1r\u00e1s t\u00e1rgyal\u00e1sakor t\u00e1madt egy f\u00e9rfi a b\u00edr\u00f3i tan\u00e1cs tagjaira \u00e9s saj\u00e1t \u00fcgyv\u00e9dj\u00e9re m\u00e9g kedden a Pest Megyei B\u00edr\u00f3s\u00e1gon. Ilyen, vagy ehhez hasonl\u00f3 esetre a megyei b\u00edr\u00f3s\u00e1g \u00e9p\u00fclet\u00e9ben m\u00e9g nem volt p\u00e9lda, igaz el&#245;fordult m\u00e1r, hogy hangoskod\u00e1s miatt a rend&#245;rs\u00e9g seg\u00edts\u00e9g\u00e9t kellett k\u00e9rni.<br \/>\nMinden lehets\u00e9ges \u00f3vint\u00e9zked\u00e9ssel igyekeznek elej\u00e9t venni a Pest megyeihez hasonl\u00f3 eseteknek a Szolnokon, nyilatkozta szerkeszt\u0151s\u00e9g\u00fcnknek Dr. Kiszelyn\u00e9 Dr. Finta \u00c9va a megyei b\u00edr\u00f3s\u00e1g b\u0151ntet\u0151 koll\u00e9gium\u00e1nak vezet\u0151je. A b\u00edr\u00f3s\u00e1g \u00e9p\u00fclet\u00e9ben komoly biztons\u00e1gi szolg\u00e1lat m&#251;k\u00f6dik, \u00e9vek \u00f3ta minden bel\u00e9p&#245;nek \u00e1t kell mennie ezen a detektoros kapun. A k\u00e9sz\u00fcl\u00e9k r\u00f6gt\u00f6n jelez, ha valakin\u00e9l valamilyen f\u00e9mes t\u00e1rgy maradt annak ellen\u00e9re is, hogy el&#245;tte minden ilyen holmit ki kell pakolni egy t\u00e1lc\u00e1ra. A csomagokat is \u00e1tvil\u00e1g\u00edtj\u00e1k, a monitoron j\u00f3l l\u00e1tszanak a f\u00e9mes t\u00e1rgyak. Azt mondj\u00e1k, a k\u00fcl\u00f6nb\u00f6z&#245; m\u00e9ret&#251; \u00e9s fajt\u00e1j\u00fa oll\u00f3k, illetve k\u00e9sek, bicsk\u00e1k mindennaposak, de tal\u00e1ltak m\u00e1r valakin\u00e9l h\u00fasv\u00e1g\u00f3 b\u00e1rdot is. Ezeket az eszk\u00f6z\u00f6ket nem lehet bevinni a b\u00edr\u00f3s\u00e1g \u00e9p\u00fclet\u00e9be, a bennt tart\u00f3zkod\u00e1s idej\u00e9re szekr\u00e9nyekbe z\u00e1rj\u00e1k el. A sz\u00fcks\u00e9ges \u00f3vint\u00e9zked\u00e9sekhez az is hozz\u00e1tartozik, hogy egyes folyos\u00f3r\u00e9szekre csak a dolgoz\u00f3k mehetnek be, illetve, ha olyan jelleg&#251; \u00fcgyet t\u00e1rgyalnak, ahol esetleg el&#245;fordulhat atrocit\u00e1s, a biztons\u00e1gi szolg\u00e1lat gyakrabban megfordul a t\u00e1rgyal\u00f3terem el&#245;tt. Sz\u00fcks\u00e9g eset\u00e9n a rend&#245;rs\u00e9get is \u00e9rtes\u00edtik \u00e9s miut\u00e1n hangos sz\u00f3v\u00e1lt\u00e1s miatt el&#245;fordult m\u00e1r ilyen, a tapasztalat az, hogy rendk\u00edv\u00fcl gyorsan meg\u00e9rkeztek az egyenruh\u00e1sok. A Pest megyei eset kapcs\u00e1n egy\u00e9bk\u00e9nt megkezd&#245;dtek azok a t\u00e1rgyal\u00e1sok, amelynek eredm\u00e9nyek\u00e9nt \u00e1lland\u00f3 lehet a rend&#245;ri jelenl\u00e9t a b\u00edr\u00f3s\u00e1gi \u00e9p\u00fcletekben.<\/p>\n","protected":false},"excerpt":{"rendered":"<p>Egy polg\u00e1ri peres elj\u00e1r\u00e1s t\u00e1rgyal\u00e1sakor t\u00e1madt egy f\u00e9rfi a b\u00edr\u00f3i tan\u00e1cs tagjaira \u00e9s saj\u00e1t \u00fcgyv\u00e9dj\u00e9re m\u00e9g kedden a Pest Megyei B\u00edr\u00f3s\u00e1gon. Ilyen, vagy ehhez hasonl\u00f3 esetre a megyei b\u00edr\u00f3s\u00e1g \u00e9p\u00fclet\u00e9ben m\u00e9g nem volt p\u00e9lda, igaz el&#245;fordult m\u00e1r, hogy hangoskod\u00e1s miatt a rend&#245;rs\u00e9g seg\u00edts\u00e9g\u00e9t kellett k\u00e9rni. Minden lehets\u00e9ges \u00f3vint\u00e9zked\u00e9ssel igyekeznek elej\u00e9t venni a Pest megyeihez hasonl\u00f3 [&hellip;]<\/p>\n","protected":false},"author":2,"featured_media":0,"comment_status":"open","ping_status":"open","sticky":false,"template":"","format":"standard","meta":[],"categories":[24],"tags":[],"_links":{"self":[{"href":"http:\/\/archiv.szolnoktv.hu\/index.php?rest_route=\/wp\/v2\/posts\/30051"}],"collection":[{"href":"http:\/\/archiv.szolnoktv.hu\/index.php?rest_route=\/wp\/v2\/posts"}],"about":[{"href":"http:\/\/archiv.szolnoktv.hu\/index.php?rest_route=\/wp\/v2\/types\/post"}],"author":[{"embeddable":true,"href":"http:\/\/archiv.szolnoktv.hu\/index.php?rest_route=\/wp\/v2\/users\/2"}],"replies":[{"embeddable":true,"href":"http:\/\/archiv.szolnoktv.hu\/index.php?rest_route=%2Fwp%2Fv2%2Fcomments&post=30051"}],"version-history":[{"count":1,"href":"http:\/\/archiv.szolnoktv.hu\/index.php?rest_route=\/wp\/v2\/posts\/30051\/revisions"}],"predecessor-version":[{"id":30315,"href":"http:\/\/archiv.szolnoktv.hu\/index.php?rest_route=\/wp\/v2\/posts\/30051\/revisions\/30315"}],"wp:attachment":[{"href":"http:\/\/archiv.szolnoktv.hu\/index.php?rest_route=%2Fwp%2Fv2%2Fmedia&parent=30051"}],"wp:term":[{"taxonomy":"category","embeddable":true,"href":"http:\/\/archiv.szolnoktv.hu\/index.php?rest_route=%2Fwp%2Fv2%2Fcategories&post=30051"},{"taxonomy":"post_tag","embeddable":true,"href":"http:\/\/archiv.szolnoktv.hu\/index.php?rest_route=%2Fwp%2Fv2%2Ftags&post=30051"}],"curies":[{"name":"wp","href":"https:\/\/api.w.org\/{rel}","templated":true}]}}