{"id":30050,"date":"2008-01-10T19:25:40","date_gmt":"2008-01-10T19:25:40","guid":{"rendered":"http:\/\/archiv.szolnoktv.hu\/?p=30050"},"modified":"2021-11-17T11:06:09","modified_gmt":"2021-11-17T11:06:09","slug":"regoles","status":"publish","type":"post","link":"http:\/\/archiv.szolnoktv.hu\/?p=30050","title":{"rendered":"Reg\u00f6l\u00e9s"},"content":{"rendered":"<div class='booster-block booster-read-block'><\/div><p>Az \u00f6rd\u00f6g \u00fcnnepe? Ez a h\u00e9t a reg\u00f6l\u00e9s hete. A reg\u00f6l\u00e9s a t\u00e9lk\u00f6z\u00e9pi, kar\u00e1csonyi, \u00faj\u00e9vi k\u00f6sz\u00f6nt\u00e9s Eur\u00f3p\u00e1ban ismert szok\u00e1s\u00e1nak magyar v\u00e1ltozata. Ilyenkor a gyermekek, leg\u00e9nyek vagy feln\u0151tt f\u00e9rfiak h\u00e1zr\u00f3l-h\u00e1zra menve b\u0151s\u00e9get, boldogs\u00e1got k\u00edv\u00e1nnak a k\u00f6vetkez\u0151 \u00e9vre. Szolnokon azonban alig-alig tal\u00e1lkozni dalol\u00f3, term\u00e9kenys\u00e9get var\u00e1zsl\u00f3 leg\u00e9nyekkel.<br \/>\nIstv\u00e1n napj\u00e1t\u00f3l, december 26-t\u00f3i \u00faj\u00e9vig j\u00e1rtak a reg\u0151s\u00f6k. A reg\u00f6l\u00e9s l\u00e9nyeg\u00e9ben term\u00e9szetvar\u00e1zsl\u00f3 k\u00f6sz\u00f6nt\u00e9s &#8211; b\u0151s\u00e9gvar\u00e1zsl\u00f3, p\u00e1rokat \u00f6sszeb\u0171v\u0151l\u0151, adom\u00e1nygy\u0171jt\u0151 c\u00e9lzat\u00fa szok\u00e1s volt. A reg\u00f6l\u00e9s a t\u00e9li napfordul\u00f3 pog\u00e1nykori \u00fcnnep\u00e9nek eml\u00e9ke. A kar\u00e1csony t\u00e1ji n\u00e9pszok\u00e1sok egyik leg\u00e9rt\u00e9kesebb hagyom\u00e1nya, egyike a legrejtelmesebb szok\u00e1sainknak, melynek eredete, elemei, c\u00e9lzata &#8211; sok kutat\u00e1s ellen\u00e9re sem vil\u00e1gos m\u00e9g el\u0151tt\u00fcnk. \u00db\u00dbA XVI-XVIII. sz\u00e1zadban a v\u00edzkereszt ut\u00e1ni els\u0151 h\u00e9tf\u0151t regel\u0151 h\u00e9tf\u0151nek nevezt\u00e9k. Heltai G\u00e1sp\u00e1r a XVI. sz\u00e1zadban a regel\u0151 hetet eml\u00edti, mikor az emberek isznak, tobz\u00f3dnak, s ez szerinte az \u00f6rd\u00f6g nagy \u00fcnnepe. Az utols\u00f3 k\u00e9t \u00e9vsz\u00e1zadban a Dun\u00e1nt\u00falon \u00e9s Erd\u00e9lyben volt szok\u00e1sos a reg\u00f6l\u00e9s. F\u00e9rfiak, leg\u00e9nyek &#8220;kiford\u00edtott bund\u00e1ban<br \/>\nkucsm\u00e1ban<br \/>\nkez\u00fckben l\u00e1ncos vagy cs\u00f6rg\u0151s bottal<\/p>\n","protected":false},"excerpt":{"rendered":"<p>Az \u00f6rd\u00f6g \u00fcnnepe? Ez a h\u00e9t a reg\u00f6l\u00e9s hete. A reg\u00f6l\u00e9s a t\u00e9lk\u00f6z\u00e9pi, kar\u00e1csonyi, \u00faj\u00e9vi k\u00f6sz\u00f6nt\u00e9s Eur\u00f3p\u00e1ban ismert szok\u00e1s\u00e1nak magyar v\u00e1ltozata. Ilyenkor a gyermekek, leg\u00e9nyek vagy feln\u0151tt f\u00e9rfiak h\u00e1zr\u00f3l-h\u00e1zra menve b\u0151s\u00e9get, boldogs\u00e1got k\u00edv\u00e1nnak a k\u00f6vetkez\u0151 \u00e9vre. Szolnokon azonban alig-alig tal\u00e1lkozni dalol\u00f3, term\u00e9kenys\u00e9get var\u00e1zsl\u00f3 leg\u00e9nyekkel. Istv\u00e1n napj\u00e1t\u00f3l, december 26-t\u00f3i \u00faj\u00e9vig j\u00e1rtak a reg\u0151s\u00f6k. A reg\u00f6l\u00e9s l\u00e9nyeg\u00e9ben [&hellip;]<\/p>\n","protected":false},"author":2,"featured_media":0,"comment_status":"open","ping_status":"open","sticky":false,"template":"","format":"standard","meta":[],"categories":[24],"tags":[],"_links":{"self":[{"href":"http:\/\/archiv.szolnoktv.hu\/index.php?rest_route=\/wp\/v2\/posts\/30050"}],"collection":[{"href":"http:\/\/archiv.szolnoktv.hu\/index.php?rest_route=\/wp\/v2\/posts"}],"about":[{"href":"http:\/\/archiv.szolnoktv.hu\/index.php?rest_route=\/wp\/v2\/types\/post"}],"author":[{"embeddable":true,"href":"http:\/\/archiv.szolnoktv.hu\/index.php?rest_route=\/wp\/v2\/users\/2"}],"replies":[{"embeddable":true,"href":"http:\/\/archiv.szolnoktv.hu\/index.php?rest_route=%2Fwp%2Fv2%2Fcomments&post=30050"}],"version-history":[{"count":1,"href":"http:\/\/archiv.szolnoktv.hu\/index.php?rest_route=\/wp\/v2\/posts\/30050\/revisions"}],"predecessor-version":[{"id":30316,"href":"http:\/\/archiv.szolnoktv.hu\/index.php?rest_route=\/wp\/v2\/posts\/30050\/revisions\/30316"}],"wp:attachment":[{"href":"http:\/\/archiv.szolnoktv.hu\/index.php?rest_route=%2Fwp%2Fv2%2Fmedia&parent=30050"}],"wp:term":[{"taxonomy":"category","embeddable":true,"href":"http:\/\/archiv.szolnoktv.hu\/index.php?rest_route=%2Fwp%2Fv2%2Fcategories&post=30050"},{"taxonomy":"post_tag","embeddable":true,"href":"http:\/\/archiv.szolnoktv.hu\/index.php?rest_route=%2Fwp%2Fv2%2Ftags&post=30050"}],"curies":[{"name":"wp","href":"https:\/\/api.w.org\/{rel}","templated":true}]}}