{"id":30048,"date":"2008-01-10T19:14:24","date_gmt":"2008-01-10T19:14:24","guid":{"rendered":"http:\/\/archiv.szolnoktv.hu\/?p=30048"},"modified":"2021-11-17T11:06:09","modified_gmt":"2021-11-17T11:06:09","slug":"nepszeru-a-mujeg","status":"publish","type":"post","link":"http:\/\/archiv.szolnoktv.hu\/?p=30048","title":{"rendered":"N\u00e9pszer\u0171 a m\u0171j\u00e9g"},"content":{"rendered":"<div class='booster-block booster-read-block'><\/div><p>Egyre t\u00f6bben l\u00e1togatj\u00e1k a szolnoki j\u00e9gp\u00e1ly\u00e1t. Van olyan nap, amikor 800-an is korcsoly\u00e1znak.<br \/>\nD\u00e9lel\u0151tt\u00f6nk\u00e9nt els\u0151sorban iskol\u00e1scsoportokat, d\u00e9lut\u00e1n pedig csal\u00e1dokat, bar\u00e1ti t\u00e1rsas\u00e1gokat v\u00e1rnak. Ma t\u00f6bbek k\u00f6zt az \u00e9p\u00edt\u00e9szeti szakk\u00f6z\u00e9piskol\u00e1sok t\u00f6lt\u00f6tt\u00e9k itt dupla testnevel\u00e9s \u00f3r\u00e1jukat. A legt\u00f6bb di\u00e1k a szolnoki j\u00e9gp\u00e1ly\u00e1n pr\u00f3b\u00e1lta ki el\u0151sz\u00f6r a korcsoly\u00e1z\u00e1st. Tavaly \u00f3ta majdhogynem dupl\u00e1j\u00e1ra n\u0151tt a j\u00e9gp\u00e1lya forgalma. Akad olyan nap &#8211; legink\u00e1bb h\u00e9tv\u00e9g\u00e9n- amikor 800 -an is korcsoly\u00e1znak. A p\u00e1lya ez\u00e9rt folyamatos karbantart\u00e1st ig\u00e9nyel. Ha az id\u0151j\u00e1r\u00e1s is engedi m\u00e1rcius v\u00e9g\u00e9ig eg\u00e9szen biztosan nyitva lesz a j\u00e9gp\u00e1lya. Addig minden nap reggelt\u0151l este kilencig v\u00e1rj\u00e1k a sportolni v\u00e1gy\u00f3kat.<\/p>\n","protected":false},"excerpt":{"rendered":"<p>Egyre t\u00f6bben l\u00e1togatj\u00e1k a szolnoki j\u00e9gp\u00e1ly\u00e1t. Van olyan nap, amikor 800-an is korcsoly\u00e1znak. D\u00e9lel\u0151tt\u00f6nk\u00e9nt els\u0151sorban iskol\u00e1scsoportokat, d\u00e9lut\u00e1n pedig csal\u00e1dokat, bar\u00e1ti t\u00e1rsas\u00e1gokat v\u00e1rnak. Ma t\u00f6bbek k\u00f6zt az \u00e9p\u00edt\u00e9szeti szakk\u00f6z\u00e9piskol\u00e1sok t\u00f6lt\u00f6tt\u00e9k itt dupla testnevel\u00e9s \u00f3r\u00e1jukat. A legt\u00f6bb di\u00e1k a szolnoki j\u00e9gp\u00e1ly\u00e1n pr\u00f3b\u00e1lta ki el\u0151sz\u00f6r a korcsoly\u00e1z\u00e1st. Tavaly \u00f3ta majdhogynem dupl\u00e1j\u00e1ra n\u0151tt a j\u00e9gp\u00e1lya forgalma. Akad olyan nap [&hellip;]<\/p>\n","protected":false},"author":2,"featured_media":0,"comment_status":"open","ping_status":"open","sticky":false,"template":"","format":"standard","meta":[],"categories":[24],"tags":[],"_links":{"self":[{"href":"http:\/\/archiv.szolnoktv.hu\/index.php?rest_route=\/wp\/v2\/posts\/30048"}],"collection":[{"href":"http:\/\/archiv.szolnoktv.hu\/index.php?rest_route=\/wp\/v2\/posts"}],"about":[{"href":"http:\/\/archiv.szolnoktv.hu\/index.php?rest_route=\/wp\/v2\/types\/post"}],"author":[{"embeddable":true,"href":"http:\/\/archiv.szolnoktv.hu\/index.php?rest_route=\/wp\/v2\/users\/2"}],"replies":[{"embeddable":true,"href":"http:\/\/archiv.szolnoktv.hu\/index.php?rest_route=%2Fwp%2Fv2%2Fcomments&post=30048"}],"version-history":[{"count":1,"href":"http:\/\/archiv.szolnoktv.hu\/index.php?rest_route=\/wp\/v2\/posts\/30048\/revisions"}],"predecessor-version":[{"id":30318,"href":"http:\/\/archiv.szolnoktv.hu\/index.php?rest_route=\/wp\/v2\/posts\/30048\/revisions\/30318"}],"wp:attachment":[{"href":"http:\/\/archiv.szolnoktv.hu\/index.php?rest_route=%2Fwp%2Fv2%2Fmedia&parent=30048"}],"wp:term":[{"taxonomy":"category","embeddable":true,"href":"http:\/\/archiv.szolnoktv.hu\/index.php?rest_route=%2Fwp%2Fv2%2Fcategories&post=30048"},{"taxonomy":"post_tag","embeddable":true,"href":"http:\/\/archiv.szolnoktv.hu\/index.php?rest_route=%2Fwp%2Fv2%2Ftags&post=30048"}],"curies":[{"name":"wp","href":"https:\/\/api.w.org\/{rel}","templated":true}]}}