{"id":30047,"date":"2008-01-10T19:09:42","date_gmt":"2008-01-10T19:09:42","guid":{"rendered":"http:\/\/archiv.szolnoktv.hu\/?p=30047"},"modified":"2021-11-17T11:06:09","modified_gmt":"2021-11-17T11:06:09","slug":"nyitas-uj-kihivasokkal","status":"publish","type":"post","link":"http:\/\/archiv.szolnoktv.hu\/?p=30047","title":{"rendered":"Nyit\u00e1s \u00faj kih\u00edv\u00e1sokkal"},"content":{"rendered":"<div class='booster-block booster-read-block'><\/div><p>Id\u0151ben \u00e9s j\u00f3l felk\u00e9sz\u00fclt a megye rend\u0151ri \u00e1llom\u00e1nya a schengeni \u00f6vezethez val\u00f3 csatlakoz\u00e1sb\u00f3l ad\u00f3d\u00f3 plusz feladatok ell\u00e1t\u00e1s\u00e1ra. H\u00e1zi Istv\u00e1n megyei rend\u0151rf\u0151kapit\u00e1ny szerint a rend\u0151rs\u00e9g \u00e9s a hat\u00e1r\u0151rs\u00e9g \u00f6sszevon\u00e1s\u00e1nak az is hozad\u00e9ka lehet, hogy a k\u00f6zelj\u00f6v\u0151ben v\u00e1rhat\u00f3an siker\u00fcl enyh\u00edteni a l\u00e9tsz\u00e1mprobl\u00e9m\u00e1kon.<br \/>\n\u00d3ri\u00e1si \u00e1talakul\u00e1son ment kereszt\u00fcl az elm\u00falt k\u00e9t \u00e9vtizedben a magyar rend\u0151rs\u00e9g. Ennek a folyamatnak egyik meghat\u00e1roz\u00f3 eleme haz\u00e1nk csatlakoz\u00e1sa a schengeni meg\u00e1llapod\u00e1shoz, ami r\u00e9szben az uni\u00f3s hat\u00e1rok kinyit\u00e1s\u00e1t jelenti. J\u00f3llehet J\u00e1sz-Nagykun-Szolnok azon 5 megye k\u00f6z\u00e9 tartozik, amelynek sem bels\u0151, sem k\u00fcls\u0151 hat\u00e1rai nincsenek, n\u00e1lunk is \u00e9rz\u00e9kelhet\u0151ek v\u00e1ltoz\u00e1sok. El\u00e9g csak arra gondolni, hogy a megy\u00e9n kereszt\u00fcl nemzetk\u00f6zi f\u0151\u00fat- \u00e9s vas\u00fatvonalak haladnak kereszt\u00fcl keleti \u00e9s d\u00e9li ir\u00e1nyb\u00f3l egyar\u00e1nt. Feladatt\u00e1 v\u00e1lt az uni\u00f3 ter\u00fclet\u00e9n elt\u0171nt, k\u00f6r\u00f6z\u00f6tt szem\u00e9lyek felkutat\u00e1sa, vagy p\u00e9ld\u00e1ul az ellopott \u00e9s keresett g\u00e9pj\u00e1rm\u0171vek kisz\u0171r\u00e9se egy\u00fcttm\u0171k\u00f6dve a tag\u00e1llamok rend\u0151rs\u00e9geivel. A Tiszai V\u00edzirend\u00e9szeti Rend\u0151rkapit\u00e1nys\u00e1gnak vannak hat\u00e1r\u0151rizeti feladatai is, hiszen a foly\u00f3 fels\u0151 \u00e9s d\u00e9li szakasza term\u00e9szetes hat\u00e1rnak sz\u00e1m\u00edt, ez\u00e9rt is kapott \u00faj haj\u00f3kat a v\u00edzirend\u0151rs\u00e9g. A schengeni csatlakoz\u00e1ssal p\u00e1rhuzamosan megsz\u0171nt a hat\u00e1r\u0151rs\u00e9g, a szervezetet \u00f6sszevont\u00e1k a rend\u0151rs\u00e9ggel. <br \/>B\u00e1r a v\u00edzirend\u00e9szet \u00e1llom\u00e1nya b\u0151v\u00fclt n\u00e9gy hat\u00e1r\u0151rrel, plusz l\u00e9tsz\u00e1mot egyel\u0151re nem kapott a megye, a k\u00f6zelj\u00f6v\u0151ben m\u00e9gis lesz haszna az integr\u00e1ci\u00f3nak. A schengeni \u00f6vezetbe tartoz\u00e1s egyben azt is jelenti, hogy az \u00e1llampolg\u00e1rok s\u0171r\u0171bben tal\u00e1lkozhatnak, ak\u00e1r m\u00e1s megy\u00e9k rend\u0151reivel is a bel-, \u00e9s k\u00fclter\u00fcleteken, p\u00e9ld\u00e1ul a jelent\u0151sebb k\u00f6zleked\u00e9si csom\u00f3pontokban, a forgalmasabb utak ment\u00e9n.<\/p>\n","protected":false},"excerpt":{"rendered":"<p>Id\u0151ben \u00e9s j\u00f3l felk\u00e9sz\u00fclt a megye rend\u0151ri \u00e1llom\u00e1nya a schengeni \u00f6vezethez val\u00f3 csatlakoz\u00e1sb\u00f3l ad\u00f3d\u00f3 plusz feladatok ell\u00e1t\u00e1s\u00e1ra. H\u00e1zi Istv\u00e1n megyei rend\u0151rf\u0151kapit\u00e1ny szerint a rend\u0151rs\u00e9g \u00e9s a hat\u00e1r\u0151rs\u00e9g \u00f6sszevon\u00e1s\u00e1nak az is hozad\u00e9ka lehet, hogy a k\u00f6zelj\u00f6v\u0151ben v\u00e1rhat\u00f3an siker\u00fcl enyh\u00edteni a l\u00e9tsz\u00e1mprobl\u00e9m\u00e1kon. \u00d3ri\u00e1si \u00e1talakul\u00e1son ment kereszt\u00fcl az elm\u00falt k\u00e9t \u00e9vtizedben a magyar rend\u0151rs\u00e9g. Ennek a folyamatnak egyik [&hellip;]<\/p>\n","protected":false},"author":2,"featured_media":0,"comment_status":"open","ping_status":"open","sticky":false,"template":"","format":"standard","meta":[],"categories":[24],"tags":[],"_links":{"self":[{"href":"http:\/\/archiv.szolnoktv.hu\/index.php?rest_route=\/wp\/v2\/posts\/30047"}],"collection":[{"href":"http:\/\/archiv.szolnoktv.hu\/index.php?rest_route=\/wp\/v2\/posts"}],"about":[{"href":"http:\/\/archiv.szolnoktv.hu\/index.php?rest_route=\/wp\/v2\/types\/post"}],"author":[{"embeddable":true,"href":"http:\/\/archiv.szolnoktv.hu\/index.php?rest_route=\/wp\/v2\/users\/2"}],"replies":[{"embeddable":true,"href":"http:\/\/archiv.szolnoktv.hu\/index.php?rest_route=%2Fwp%2Fv2%2Fcomments&post=30047"}],"version-history":[{"count":1,"href":"http:\/\/archiv.szolnoktv.hu\/index.php?rest_route=\/wp\/v2\/posts\/30047\/revisions"}],"predecessor-version":[{"id":30319,"href":"http:\/\/archiv.szolnoktv.hu\/index.php?rest_route=\/wp\/v2\/posts\/30047\/revisions\/30319"}],"wp:attachment":[{"href":"http:\/\/archiv.szolnoktv.hu\/index.php?rest_route=%2Fwp%2Fv2%2Fmedia&parent=30047"}],"wp:term":[{"taxonomy":"category","embeddable":true,"href":"http:\/\/archiv.szolnoktv.hu\/index.php?rest_route=%2Fwp%2Fv2%2Fcategories&post=30047"},{"taxonomy":"post_tag","embeddable":true,"href":"http:\/\/archiv.szolnoktv.hu\/index.php?rest_route=%2Fwp%2Fv2%2Ftags&post=30047"}],"curies":[{"name":"wp","href":"https:\/\/api.w.org\/{rel}","templated":true}]}}