{"id":30046,"date":"2008-01-10T09:56:14","date_gmt":"2008-01-10T09:56:14","guid":{"rendered":"http:\/\/archiv.szolnoktv.hu\/?p=30046"},"modified":"2021-11-17T11:06:09","modified_gmt":"2021-11-17T11:06:09","slug":"lakni-pedig-kell","status":"publish","type":"post","link":"http:\/\/archiv.szolnoktv.hu\/?p=30046","title":{"rendered":"Lakni pedig kell!"},"content":{"rendered":"<div class='booster-block booster-read-block'><\/div><p>Amarikai konyha, penthouse, teremgar\u00e1zs, z\u00f6ldterasz ..- e szavak hallat\u00e1n bizony\u00e1ra t\u00e1gra ny\u00edlna a szeme az \u00edr\u00e1s kedv\u00e9\u00e9rt megid\u00e9zett \u00e9p\u00edt\u00e9sznek, aki a hatvanas \u00e9vek ki tudja h\u00e1nyadik &#8220;\u00f6t\u00e9ves terve&#8221;&#8221; keret\u00e9ben emelte sorra a megyesz\u00e9khely k\u00e9p\u00e9t ma is meghat\u00e1roz\u00f3 t\u00f6mbh\u00e1zak tucatjait. A mennyis\u00e9gre hajt\u00f3 \u00e9p\u00edt\u0151ipar sz\u00f6rnysz\u00fcl\u00f6ttei az ablak n\u00e9lk\u00fcli konyh\u00e1k<br \/>\na gardr\u00f3bszekr\u00e9ny m\u00e9ret\u0171 mut\u00e1ns gyermekszob\u00e1k az alapvet\u0151 higi\u00e9ni\u00e1t n\u00e9lk\u00fcl\u00f6z\u00f6 szem\u00e9tle\u00f6nt\u0151k<br \/>\nvagy \u00e9ppen a pincerekesznek nevezett f\u00f6ldszinti sik\u00e1tor.    &#8221;<\/p>\n<p>Nos nagyot fordult az\u00f3ta a vil\u00e1g. A csal\u00e1dalap\u00edt\u00e1ssal kac\u00e9rkod\u00f3 fiatalok szem\u00e9ben a mozifilmek mag\u00e1nyos h\u0151seinek csupaablak leg\u00e9nylak\u00e1sai- m\u00e9gha az a nagyv\u00e1rosi felh\u0151karcol\u00f3 sokadik emelet\u00e9n is van- sokkal cs\u00e1b\u00edt\u00f3bb, mint gyermekkoruk megszokott k\u00f6zege&#8230;Pedig volt \u00e9s van el\u0151nye a agyonapr\u00f3zott lak\u00e1soknak is. Ha m\u00e1s nem az, hogy f\u00e9lrevonulhatott a s\u00e9rt\u0151d\u00f6tt csal\u00e1dtag. Azut\u00e1n nem h\u00e1tr\u00e1ny az sem, ha a s\u00fclthal neh\u00e9z illata sem telepszik r\u00e1 mindenre- nem \u00fagy mint egy rosszul szell\u0151z\u0151 amerikai konyh\u00e1ban. Igaz- ott a szagok a <\/p>\n<p>technika ide v\u00e1g\u00f3 v\u00edvm\u00e1nyai j\u00f3volt\u00e1b\u00f3l tal\u00e1n minim\u00e1lisra szel\u00edd\u00edthet\u0151k. Persze nem kell akkor halat s\u00fctni! Le kell ruccani egy gyors\u00e9tkezd\u00e9be, vagy mikr\u00f3ba sz\u00e1nt v\u00e1kuumcsomagolt szagtalan- \u00edzetlen &#8220;ter\u00fclj asztalk\u00e1mat&#8221;&#8221; kell fogyasztani. Vigy\u00e1zva arra<\/p>\n","protected":false},"excerpt":{"rendered":"<p>Amarikai konyha, penthouse, teremgar\u00e1zs, z\u00f6ldterasz ..- e szavak hallat\u00e1n bizony\u00e1ra t\u00e1gra ny\u00edlna a szeme az \u00edr\u00e1s kedv\u00e9\u00e9rt megid\u00e9zett \u00e9p\u00edt\u00e9sznek, aki a hatvanas \u00e9vek ki tudja h\u00e1nyadik &#8220;\u00f6t\u00e9ves terve&#8221;&#8221; keret\u00e9ben emelte sorra a megyesz\u00e9khely k\u00e9p\u00e9t ma is meghat\u00e1roz\u00f3 t\u00f6mbh\u00e1zak tucatjait. A mennyis\u00e9gre hajt\u00f3 \u00e9p\u00edt\u0151ipar sz\u00f6rnysz\u00fcl\u00f6ttei az ablak n\u00e9lk\u00fcli konyh\u00e1k a gardr\u00f3bszekr\u00e9ny m\u00e9ret\u0171 mut\u00e1ns gyermekszob\u00e1k az alapvet\u0151 [&hellip;]<\/p>\n","protected":false},"author":2,"featured_media":0,"comment_status":"open","ping_status":"open","sticky":false,"template":"","format":"standard","meta":[],"categories":[24],"tags":[],"_links":{"self":[{"href":"http:\/\/archiv.szolnoktv.hu\/index.php?rest_route=\/wp\/v2\/posts\/30046"}],"collection":[{"href":"http:\/\/archiv.szolnoktv.hu\/index.php?rest_route=\/wp\/v2\/posts"}],"about":[{"href":"http:\/\/archiv.szolnoktv.hu\/index.php?rest_route=\/wp\/v2\/types\/post"}],"author":[{"embeddable":true,"href":"http:\/\/archiv.szolnoktv.hu\/index.php?rest_route=\/wp\/v2\/users\/2"}],"replies":[{"embeddable":true,"href":"http:\/\/archiv.szolnoktv.hu\/index.php?rest_route=%2Fwp%2Fv2%2Fcomments&post=30046"}],"version-history":[{"count":1,"href":"http:\/\/archiv.szolnoktv.hu\/index.php?rest_route=\/wp\/v2\/posts\/30046\/revisions"}],"predecessor-version":[{"id":30320,"href":"http:\/\/archiv.szolnoktv.hu\/index.php?rest_route=\/wp\/v2\/posts\/30046\/revisions\/30320"}],"wp:attachment":[{"href":"http:\/\/archiv.szolnoktv.hu\/index.php?rest_route=%2Fwp%2Fv2%2Fmedia&parent=30046"}],"wp:term":[{"taxonomy":"category","embeddable":true,"href":"http:\/\/archiv.szolnoktv.hu\/index.php?rest_route=%2Fwp%2Fv2%2Fcategories&post=30046"},{"taxonomy":"post_tag","embeddable":true,"href":"http:\/\/archiv.szolnoktv.hu\/index.php?rest_route=%2Fwp%2Fv2%2Ftags&post=30046"}],"curies":[{"name":"wp","href":"https:\/\/api.w.org\/{rel}","templated":true}]}}